{"id":80238,"date":"2026-04-29T22:09:31","date_gmt":"2026-04-30T01:09:31","guid":{"rendered":"https:\/\/igrejadeus.com.br\/pregacao\/?p=80238"},"modified":"2026-04-29T22:09:31","modified_gmt":"2026-04-30T01:09:31","slug":"o-espirito-santo-e-o-espirito-humano","status":"publish","type":"post","link":"https:\/\/igrejadeus.com.br\/pregacao\/o-espirito-santo-e-o-espirito-humano\/","title":{"rendered":"O esp\u00edrito santo e o esp\u00edrito humano"},"content":{"rendered":"<h1 style=\"text-align: center;\"><strong>O esp\u00edrito santo e o esp\u00edrito humano<\/strong><\/h1>\n<p style=\"text-align: justify;\"><strong>1 Tessalonicenses 5:23<\/strong><\/p>\n<p style=\"text-align: justify;\">&#8220;O mesmo Deus da paz vos santifique em tudo; e o vosso esp\u00edrito, alma e corpo sejam conservados \u00edntegros e irrepreens\u00edveis na vinda de nosso Senhor Jesus Cristo.&#8221;<\/p>\n<ol style=\"text-align: justify;\">\n<li><strong> A constitui\u00e7\u00e3o do ser humano<\/strong><\/li>\n<\/ol>\n<p style=\"text-align: justify;\">A B\u00edblia define o ser humano como um ser tripartido (tr\u00eas partes):<\/p>\n<ul style=\"text-align: justify;\">\n<li><strong>Corpo:<\/strong> \u00c9 a nossa parte f\u00edsica, que nos d\u00e1 contato com o mundo material atrav\u00e9s dos cinco sentidos.<\/li>\n<li><strong>Alma:<\/strong> \u00c9 o nosso intelecto, nossas emo\u00e7\u00f5es e a nossa vontade. \u00c9 onde mora a nossa personalidade.<\/li>\n<li><strong>Esp\u00edrito:<\/strong> \u00c9 a parte mais profunda e impalp\u00e1vel, a &#8220;antena&#8221; que nos conecta com Deus.<\/li>\n<\/ul>\n<p style=\"text-align: justify;\"><strong>Hebreus 4:12<\/strong> \u2014 &#8220;Porque a palavra de Deus \u00e9 viva, e eficaz, e mais cortante do que qualquer espada de dois gumes, e penetra at\u00e9 ao ponto de <strong>dividir alma e esp\u00edrito<\/strong>, juntas e medulas, e \u00e9 apta para discernir os pensamentos e prop\u00f3sitos do cora\u00e7\u00e3o.&#8221;<\/p>\n<p style=\"text-align: justify;\"><strong>Coment\u00e1rio Pr\u00e1tico:<\/strong> O autor de Hebreus mostra que alma e esp\u00edrito s\u00e3o coisas diferentes, embora estejam entrela\u00e7ados. \u00c9 no esp\u00edrito que reside a nossa consci\u00eancia espiritual, a nossa sede pelo sagrado e onde ocorre a verdadeira adora\u00e7\u00e3o.<\/p>\n<ol style=\"text-align: justify;\" start=\"2\">\n<li><strong> A constitui\u00e7\u00e3o de Deus<\/strong><\/li>\n<\/ol>\n<ul style=\"text-align: justify;\">\n<li><strong>Corpo: <\/strong>Ele se fez homem e mat\u00e9ria quando veio em forma de filho e Deus na pessoa de Jesus Cristo.<\/li>\n<\/ul>\n<ul style=\"text-align: justify;\">\n<li><strong>Jo\u00e3o 10:30 <\/strong>&#8211; Eu\u00a0e\u00a0o\u00a0Pai\u00a0somos\u00a0um.<\/li>\n<\/ul>\n<ul style=\"text-align: justify;\">\n<li><strong>Alma: <\/strong>A alma \u00e9 a nossa personalidade, ou seja, \u00e9 o pr\u00f3prio Deus pai.<\/li>\n<\/ul>\n<ul style=\"text-align: justify;\">\n<li><strong>Salmos 139:17 <\/strong>&#8211; E qu\u00e3o preciosos me s\u00e3o, \u00f3\u00a0Deus, os teus\u00a0pensamentos! Qu\u00e3o grande\u00a0\u00e9 a soma\u00a0deles!<\/li>\n<\/ul>\n<ul style=\"text-align: justify;\">\n<li><strong>Esp\u00edrito: <\/strong>O esp\u00edrito santo nos foi dado como consolador, ele nos acompanha e nos fortalece.\n<ul>\n<li><strong>Jo\u00e3o 4:24<\/strong> \u2014 &#8220;Deus \u00e9 esp\u00edrito; e importa que os seus adoradores o adorem em esp\u00edrito e em verdade.&#8221;<\/li>\n<\/ul>\n<\/li>\n<\/ul>\n<ol style=\"text-align: justify;\" start=\"2\">\n<li><strong> O esp\u00edrito humano antes e depois da queda<\/strong><\/li>\n<\/ol>\n<p style=\"text-align: justify;\">Quando Deus criou o homem, Ele formou o corpo do p\u00f3 da terra, mas a vida real veio do Seu sopro.<\/p>\n<p style=\"text-align: justify;\"><strong>G\u00eanesis 2:7<\/strong> \u2014 &#8220;Ent\u00e3o, formou o Senhor Deus ao homem do p\u00f3 da terra e lhe soprou nas narinas o f\u00f4lego de vida, e o homem passou a ser alma vivente.&#8221;<\/p>\n<ul style=\"text-align: justify;\">\n<li><strong>A Queda:<\/strong> Ap\u00f3s o pecado no Jardim do \u00c9den, o homem n\u00e3o deixou de ter um esp\u00edrito (ele n\u00e3o sumiu), mas esse esp\u00edrito ficou desconectado de Deus. Ele sofreu uma &#8220;morte espiritual&#8221;.<\/li>\n<\/ul>\n<p style=\"text-align: justify;\"><strong>Ef\u00e9sios 2:1<\/strong> \u2014 &#8220;Ele vos deu vida, estando v\u00f3s mortos nos vossos delitos e pecados.&#8221;<\/p>\n<ul style=\"text-align: justify;\">\n<li><strong>Exemplo Pr\u00e1tico:<\/strong> Pense em um aparelho eletr\u00f4nico desconectado da tomada. O aparelho continua existindo, os fios est\u00e3o l\u00e1, a placa de circuito est\u00e1 l\u00e1, mas ele n\u00e3o tem vida, n\u00e3o funciona, porque n\u00e3o h\u00e1 energia passando por ele. Assim \u00e9 o homem sem Deus: existe fisicamente, mas est\u00e1 apagado espiritualmente.<\/li>\n<\/ul>\n<ol style=\"text-align: justify;\" start=\"3\">\n<li><strong> A necessidade do novo nascimento<\/strong><\/li>\n<\/ol>\n<p style=\"text-align: justify;\">Como o nosso esp\u00edrito estava &#8220;desligado&#8221; por causa do pecado, precis\u00e1vamos de uma interven\u00e7\u00e3o divina para voltar \u00e0 vida.<\/p>\n<p style=\"text-align: justify;\"><strong>Jo\u00e3o 3:5-6<\/strong> \u2014 &#8220;Respondeu Jesus: Em verdade, em verdade te digo: quem n\u00e3o nascer da \u00e1gua e do Esp\u00edrito n\u00e3o pode entrar no reino de Deus. O que \u00e9 nascido da carne \u00e9 carne; e o que \u00e9 nascido do Esp\u00edrito \u00e9 esp\u00edrito.&#8221;<\/p>\n<ul style=\"text-align: justify;\">\n<li><strong>A Regenera\u00e7\u00e3o:<\/strong> O esp\u00edrito humano precisa ser regenerado. Isso s\u00f3 ocorre pela a\u00e7\u00e3o direta do Esp\u00edrito Santo. No Novo Nascimento, o aparelho \u00e9 &#8220;ligado na tomada&#8221; novamente. Recebemos uma nova natureza e a nossa vida espiritual volta a ficar ativa e sens\u00edvel a Deus.<\/li>\n<\/ul>\n<ol style=\"text-align: justify;\" start=\"4\">\n<li><strong> Quem \u00e9 o Esp\u00edrito Santo?<\/strong><\/li>\n<\/ol>\n<p style=\"text-align: justify;\">Para que haja essa conex\u00e3o, precisamos entender quem \u00e9 Aquele que nos religa ao Pai. O Esp\u00edrito Santo n\u00e3o \u00e9 uma &#8220;for\u00e7a&#8221;, uma &#8220;energia&#8221; ou um &#8220;vento&#8221;, Ele \u00e9 a Terceira Pessoa da Trindade divina.<\/p>\n<ul style=\"text-align: justify;\">\n<li><strong>Ele \u00e9 o Consolador e Mestre:<\/strong><\/li>\n<\/ul>\n<p style=\"text-align: justify;\"><strong>Jo\u00e3o 14:26<\/strong> \u2014 &#8220;Mas o Consolador, o Esp\u00edrito Santo, a quem o Pai enviar\u00e1 em meu nome, esse vos ensinar\u00e1 todas as coisas e vos far\u00e1 lembrar de tudo o que vos tenho dito.&#8221;<\/p>\n<ul style=\"text-align: justify;\">\n<li><strong>Ele \u00e9 o Guia:<\/strong><\/li>\n<\/ul>\n<p style=\"text-align: justify;\"><strong>Jo\u00e3o 16:13<\/strong> \u2014 &#8220;Quando vier, por\u00e9m, o Esp\u00edrito da verdade, ele vos guiar\u00e1 a toda a verdade&#8230;&#8221;<\/p>\n<p style=\"text-align: justify;\">Ele tem a fun\u00e7\u00e3o de nos convencer do pecado, regenerar o nosso esp\u00edrito morto e fazer morada dentro de n\u00f3s.<\/p>\n<p style=\"text-align: justify;\"><strong>1 Cor\u00edntios 6:19<\/strong> \u2014 &#8220;Acaso, n\u00e3o sabeis que o vosso corpo \u00e9 santu\u00e1rio do Esp\u00edrito Santo, que est\u00e1 em v\u00f3s, o qual tendes da parte de Deus, e que n\u00e3o sois de v\u00f3s mesmos?&#8221;<\/p>\n<ol style=\"text-align: justify;\" start=\"5\">\n<li><strong> A Rela\u00e7\u00e3o Entre o Esp\u00edrito Santo e o Esp\u00edrito Humano<\/strong><\/li>\n<\/ol>\n<p style=\"text-align: justify;\">Aqui chegamos ao ponto central da nossa mensagem. Como eles interagem?<\/p>\n<p style=\"text-align: justify;\"><strong>Romanos 8:16<\/strong> \u2014 &#8220;O pr\u00f3prio Esp\u00edrito testifica com o nosso esp\u00edrito que somos filhos de Deus.&#8221;<\/p>\n<ul style=\"text-align: justify;\">\n<li><strong>A Parceria Divina:<\/strong> O Esp\u00edrito Santo n\u00e3o esmaga nem anula o nosso esp\u00edrito humano. Ele se une a ele. Ele &#8220;conversa&#8221; (testifica) com o nosso esp\u00edrito.<\/li>\n<li><strong>O Resultado:<\/strong> Essa uni\u00e3o maravilhosa produz em n\u00f3s uma dire\u00e7\u00e3o de vida clara, discernimento para saber o que \u00e9 certo e errado sem precisar que algu\u00e9m nos diga, e sensibilidade apurada para ouvir a voz de Deus.<\/li>\n<\/ul>\n<ol style=\"text-align: justify;\" start=\"6\">\n<li><strong> O Conflito Interno: Carne contra Esp\u00edrito<\/strong><\/li>\n<\/ol>\n<p style=\"text-align: justify;\">Quando o nosso esp\u00edrito \u00e9 reativado pelo Esp\u00edrito Santo, uma guerra inevit\u00e1vel come\u00e7a dentro de n\u00f3s.<\/p>\n<p style=\"text-align: justify;\"><strong>G\u00e1latas 5:16-17<\/strong> \u2014 &#8220;Digo, por\u00e9m: andai no Esp\u00edrito e jamais satisfareis \u00e0 concupisc\u00eancia da carne. Porque a carne milita contra o Esp\u00edrito, e o Esp\u00edrito, contra a carne, porque s\u00e3o opostos entre si; para que n\u00e3o fa\u00e7ais o que, porventura, seja do vosso querer.&#8221;<\/p>\n<ul style=\"text-align: justify;\">\n<li><strong>A Batalha:<\/strong> O seu esp\u00edrito rec\u00e9m-nascido e habitado pelo Esp\u00edrito Santo quer orar, perdoar e buscar a santidade. A sua carne quer ceder \u00e0s tenta\u00e7\u00f5es, sentir raiva e alimentar o ego. \u00c9 o Esp\u00edrito Santo quem fortalece o seu esp\u00edrito humano para vencer as exig\u00eancias da carne.<\/li>\n<\/ul>\n<ol style=\"text-align: justify;\" start=\"7\">\n<li><strong> Como Fortalecer o Esp\u00edrito Humano<\/strong><\/li>\n<\/ol>\n<p style=\"text-align: justify;\">O lado que voc\u00ea alimentar mais nessa batalha \u00e9 o lado que vai vencer. N\u00f3s precisamos criar &#8220;m\u00fasculos espirituais&#8221;.<\/p>\n<p style=\"text-align: justify;\"><strong>Judas 1:20<\/strong> \u2014 &#8220;V\u00f3s, por\u00e9m, amados, edificando-vos na vossa f\u00e9 sant\u00edssima, orando no Esp\u00edrito Santo.&#8221;<\/p>\n<p style=\"text-align: justify;\"><strong>Ef\u00e9sios 3:16<\/strong> \u2014 &#8220;Para que, segundo a riqueza da sua gl\u00f3ria, vos conceda que sejais fortalecidos com poder, mediante o seu Esp\u00edrito no homem interior.&#8221;<\/p>\n<ul style=\"text-align: justify;\">\n<li><strong>Pr\u00e1ticas Espirituais:<\/strong> Ningu\u00e9m fica forte fisicamente sem comer e sem se exercitar. No mundo espiritual \u00e9 a mesma coisa. O que fortalece o homem interior \u00e9 uma dieta baseada na Palavra de Deus, no Jejum, na Comunh\u00e3o com a Igreja e na respira\u00e7\u00e3o constante da Ora\u00e7\u00e3o.<\/li>\n<\/ul>\n<ol style=\"text-align: justify;\" start=\"8\">\n<li><strong> Sinais de um Esp\u00edrito Alinhado<\/strong><\/li>\n<\/ol>\n<p style=\"text-align: justify;\">Como saber se o meu esp\u00edrito humano est\u00e1, de fato, sendo governado pelo Esp\u00edrito Santo? Basta olhar para os frutos.<\/p>\n<p style=\"text-align: justify;\"><strong>G\u00e1latas 5:22-23<\/strong> \u2014 &#8220;Mas o fruto do Esp\u00edrito \u00e9: amor, alegria, paz, longanimidade, benignidade, bondade, fidelidade, mansid\u00e3o, dom\u00ednio pr\u00f3prio. Contra estas coisas n\u00e3o h\u00e1 lei.&#8221;<\/p>\n<ul style=\"text-align: justify;\">\n<li>Os sinais de alinhamento s\u00e3o evidentes: voc\u00ea se torna sens\u00edvel \u00e0 voz de Deus (o pecado passa a incomodar profundamente), desenvolve um desejo real por santidade e passa a viver uma vida pautada na obedi\u00eancia cont\u00ednua, mesmo quando isso custa caro.<\/li>\n<\/ul>\n<p style=\"text-align: justify;\"><strong>Conclus\u00e3o e Aplica\u00e7\u00e3o Final<\/strong><\/p>\n<p style=\"text-align: justify;\">O homem que vive sem Deus tem um esp\u00edrito, mas est\u00e1 desconectado, vivendo apenas por instintos carnais e desejos da alma. Mas o homem que se entrega a Jesus tem o Esp\u00edrito Santo habitando dentro dele, o que traz verdadeira vida, dire\u00e7\u00e3o e comunh\u00e3o. \u00c9 o Esp\u00edrito Santo quem desperta, transforma e sustenta o nosso esp\u00edrito humano nas fraquezas.<\/p>\n<p style=\"text-align: justify;\"><strong>Perguntas para Reflex\u00e3o Pessoal:<\/strong> Nesta hora, avalie a sua pr\u00f3pria vida e seja sincero com Deus:<\/p>\n<ol>\n<li style=\"text-align: justify;\">O meu esp\u00edrito est\u00e1 realmente vivo em Cristo, ou estou apenas existindo, como um aparelho desligado da tomada?<\/li>\n<li style=\"text-align: justify;\">Eu consigo ouvir e reconhecer a voz do Esp\u00edrito Santo me guiando no dia a dia?<\/li>\n<li style=\"text-align: justify;\">Sendo muito honesto: quem tem sentado no trono e governado as minhas atitudes di\u00e1rias, a minha carne ou o meu esp\u00edrito?<\/li>\n<\/ol>\n","protected":false},"excerpt":{"rendered":"<p>O esp\u00edrito santo e o esp\u00edrito humano 1 Tessalonicenses 5:23 &#8220;O mesmo Deus da paz vos santifique em tudo; e o vosso esp\u00edrito, alma e corpo sejam conservados \u00edntegros e irrepreens\u00edveis na vinda de nosso Senhor Jesus Cristo.&#8221; A constitui\u00e7\u00e3o do ser humano A B\u00edblia define o ser humano como um ser tripartido (tr\u00eas partes): [&hellip;]<\/p>\n","protected":false},"author":1,"featured_media":0,"comment_status":"open","ping_status":"closed","sticky":false,"template":"","format":"standard","meta":{"footnotes":""},"categories":[6],"tags":[32,92,164],"class_list":["post-80238","post","type-post","status-publish","format-standard","hentry","category-letra-e","tag-alma","tag-corpo","tag-espirito"],"yoast_head":"<!-- This site is optimized with the Yoast SEO plugin v27.5 - https:\/\/yoast.com\/product\/yoast-seo-wordpress\/ -->\n<title>O esp\u00edrito santo e o esp\u00edrito humano - Esbo\u00e7os de Prega\u00e7\u00f5es<\/title>\n<meta name=\"description\" content=\"O mesmo Deus da paz vos santifique em tudo; e o vosso esp\u00edrito, alma e corpo sejam conservados \u00edntegros e irrepreens\u00edveis...\" \/>\n<meta name=\"robots\" content=\"index, follow, max-snippet:-1, max-image-preview:large, max-video-preview:-1\" \/>\n<link rel=\"canonical\" href=\"https:\/\/igrejadeus.com.br\/pregacao\/o-espirito-santo-e-o-espirito-humano\/\" \/>\n<meta property=\"og:locale\" content=\"pt_BR\" \/>\n<meta property=\"og:type\" content=\"article\" \/>\n<meta property=\"og:title\" content=\"O esp\u00edrito santo e o esp\u00edrito humano - Esbo\u00e7os de Prega\u00e7\u00f5es\" \/>\n<meta property=\"og:description\" content=\"O mesmo Deus da paz vos santifique em tudo; e o vosso esp\u00edrito, alma e corpo sejam conservados \u00edntegros e irrepreens\u00edveis...\" \/>\n<meta property=\"og:url\" content=\"https:\/\/igrejadeus.com.br\/pregacao\/o-espirito-santo-e-o-espirito-humano\/\" \/>\n<meta property=\"og:site_name\" content=\"Esbo\u00e7os de Prega\u00e7\u00f5es\" \/>\n<meta property=\"article:publisher\" content=\"https:\/\/www.facebook.com\/prjulio.fonseca\" \/>\n<meta property=\"article:author\" content=\"https:\/\/www.facebook.com\/prjulio.fonseca\" \/>\n<meta property=\"article:published_time\" content=\"2026-04-30T01:09:31+00:00\" \/>\n<meta name=\"author\" content=\"Julio Fonseca\" \/>\n<meta name=\"twitter:card\" content=\"summary_large_image\" \/>\n<meta name=\"twitter:creator\" content=\"@JulioFo31481517\" \/>\n<meta name=\"twitter:site\" content=\"@prjulio_fonseca\" \/>\n<meta name=\"twitter:label1\" content=\"Escrito por\" \/>\n\t<meta name=\"twitter:data1\" content=\"Julio Fonseca\" \/>\n\t<meta name=\"twitter:label2\" content=\"Est. tempo de leitura\" \/>\n\t<meta name=\"twitter:data2\" content=\"7 minutos\" \/>\n<script type=\"application\/ld+json\" class=\"yoast-schema-graph\">{\"@context\":\"https:\\\/\\\/schema.org\",\"@graph\":[{\"@type\":\"Article\",\"@id\":\"https:\\\/\\\/igrejadeus.com.br\\\/pregacao\\\/o-espirito-santo-e-o-espirito-humano\\\/#article\",\"isPartOf\":{\"@id\":\"https:\\\/\\\/igrejadeus.com.br\\\/pregacao\\\/o-espirito-santo-e-o-espirito-humano\\\/\"},\"author\":{\"name\":\"Julio Fonseca\",\"@id\":\"https:\\\/\\\/igrejadeus.com.br\\\/pregacao\\\/#\\\/schema\\\/person\\\/544b33554fb5ce935cb6bd4da65559b4\"},\"headline\":\"O esp\u00edrito santo e o esp\u00edrito humano\",\"datePublished\":\"2026-04-30T01:09:31+00:00\",\"mainEntityOfPage\":{\"@id\":\"https:\\\/\\\/igrejadeus.com.br\\\/pregacao\\\/o-espirito-santo-e-o-espirito-humano\\\/\"},\"wordCount\":1368,\"commentCount\":0,\"publisher\":{\"@id\":\"https:\\\/\\\/igrejadeus.com.br\\\/pregacao\\\/#organization\"},\"keywords\":[\"alma\",\"corpo\",\"espirito\"],\"articleSection\":[\"letra E\"],\"inLanguage\":\"pt-BR\",\"potentialAction\":[{\"@type\":\"CommentAction\",\"name\":\"Comment\",\"target\":[\"https:\\\/\\\/igrejadeus.com.br\\\/pregacao\\\/o-espirito-santo-e-o-espirito-humano\\\/#respond\"]}]},{\"@type\":\"WebPage\",\"@id\":\"https:\\\/\\\/igrejadeus.com.br\\\/pregacao\\\/o-espirito-santo-e-o-espirito-humano\\\/\",\"url\":\"https:\\\/\\\/igrejadeus.com.br\\\/pregacao\\\/o-espirito-santo-e-o-espirito-humano\\\/\",\"name\":\"O esp\u00edrito santo e o esp\u00edrito humano - Esbo\u00e7os de Prega\u00e7\u00f5es\",\"isPartOf\":{\"@id\":\"https:\\\/\\\/igrejadeus.com.br\\\/pregacao\\\/#website\"},\"datePublished\":\"2026-04-30T01:09:31+00:00\",\"description\":\"O mesmo Deus da paz vos santifique em tudo; e o vosso esp\u00edrito, alma e corpo sejam conservados \u00edntegros e irrepreens\u00edveis...\",\"breadcrumb\":{\"@id\":\"https:\\\/\\\/igrejadeus.com.br\\\/pregacao\\\/o-espirito-santo-e-o-espirito-humano\\\/#breadcrumb\"},\"inLanguage\":\"pt-BR\",\"potentialAction\":[{\"@type\":\"ReadAction\",\"target\":[\"https:\\\/\\\/igrejadeus.com.br\\\/pregacao\\\/o-espirito-santo-e-o-espirito-humano\\\/\"]}]},{\"@type\":\"BreadcrumbList\",\"@id\":\"https:\\\/\\\/igrejadeus.com.br\\\/pregacao\\\/o-espirito-santo-e-o-espirito-humano\\\/#breadcrumb\",\"itemListElement\":[{\"@type\":\"ListItem\",\"position\":1,\"name\":\"In\u00edcio\",\"item\":\"https:\\\/\\\/igrejadeus.com.br\\\/pregacao\\\/\"},{\"@type\":\"ListItem\",\"position\":2,\"name\":\"O esp\u00edrito santo e o esp\u00edrito humano\"}]},{\"@type\":\"WebSite\",\"@id\":\"https:\\\/\\\/igrejadeus.com.br\\\/pregacao\\\/#website\",\"url\":\"https:\\\/\\\/igrejadeus.com.br\\\/pregacao\\\/\",\"name\":\"Esbo\u00e7o de Prega\u00e7\u00f5es\",\"description\":\"1.120 Esbo\u00e7os para ministra\u00e7\u00e3o\",\"publisher\":{\"@id\":\"https:\\\/\\\/igrejadeus.com.br\\\/pregacao\\\/#organization\"},\"potentialAction\":[{\"@type\":\"SearchAction\",\"target\":{\"@type\":\"EntryPoint\",\"urlTemplate\":\"https:\\\/\\\/igrejadeus.com.br\\\/pregacao\\\/?s={search_term_string}\"},\"query-input\":{\"@type\":\"PropertyValueSpecification\",\"valueRequired\":true,\"valueName\":\"search_term_string\"}}],\"inLanguage\":\"pt-BR\"},{\"@type\":\"Organization\",\"@id\":\"https:\\\/\\\/igrejadeus.com.br\\\/pregacao\\\/#organization\",\"name\":\"Esbo\u00e7o de Prega\u00e7\u00f5es\",\"url\":\"https:\\\/\\\/igrejadeus.com.br\\\/pregacao\\\/\",\"logo\":{\"@type\":\"ImageObject\",\"inLanguage\":\"pt-BR\",\"@id\":\"https:\\\/\\\/igrejadeus.com.br\\\/pregacao\\\/#\\\/schema\\\/logo\\\/image\\\/\",\"url\":\"https:\\\/\\\/igrejadeus.com.br\\\/pregacao\\\/wp-content\\\/uploads\\\/Banner.png\",\"contentUrl\":\"https:\\\/\\\/igrejadeus.com.br\\\/pregacao\\\/wp-content\\\/uploads\\\/Banner.png\",\"width\":1024,\"height\":276,\"caption\":\"Esbo\u00e7o de Prega\u00e7\u00f5es\"},\"image\":{\"@id\":\"https:\\\/\\\/igrejadeus.com.br\\\/pregacao\\\/#\\\/schema\\\/logo\\\/image\\\/\"},\"sameAs\":[\"https:\\\/\\\/www.facebook.com\\\/prjulio.fonseca\",\"https:\\\/\\\/x.com\\\/prjulio_fonseca\",\"https:\\\/\\\/www.youtube.com\\\/@idb-sta-terezinha\\\/streams\",\"http:\\\/\\\/wa.link\\\/553fut\"]},{\"@type\":\"Person\",\"@id\":\"https:\\\/\\\/igrejadeus.com.br\\\/pregacao\\\/#\\\/schema\\\/person\\\/544b33554fb5ce935cb6bd4da65559b4\",\"name\":\"Julio Fonseca\",\"image\":{\"@type\":\"ImageObject\",\"inLanguage\":\"pt-BR\",\"@id\":\"https:\\\/\\\/secure.gravatar.com\\\/avatar\\\/52e009685ed0e5c6c7d7d4042bfc984433b81c214c755be50379791465d9ac65?s=96&d=mm&r=g\",\"url\":\"https:\\\/\\\/secure.gravatar.com\\\/avatar\\\/52e009685ed0e5c6c7d7d4042bfc984433b81c214c755be50379791465d9ac65?s=96&d=mm&r=g\",\"contentUrl\":\"https:\\\/\\\/secure.gravatar.com\\\/avatar\\\/52e009685ed0e5c6c7d7d4042bfc984433b81c214c755be50379791465d9ac65?s=96&d=mm&r=g\",\"caption\":\"Julio Fonseca\"},\"description\":\"A paz do Senhor! Eu sou o Pastor J\u00falio Fonseca, pastor da Igreja de Deus no Brasil, bairro Santa Terezinha, Catal\u00e3o - Goi\u00e1s. Mantenho meu trabalho na internet desde Fev\\\/2007. Antes com o site idagospel.com, e agora com o site igrejadeus.com.br \u00c9 um prazer t\u00ea-lo(a) aqui. Saiba mais sobre mim na se\u00e7\u00e3o chamada Pastor\",\"sameAs\":[\"https:\\\/\\\/igrejadeus.com.br\\\/pregacao\",\"https:\\\/\\\/www.facebook.com\\\/prjulio.fonseca\",\"https:\\\/\\\/www.instagram.com\\\/prjuliofonseca1\\\/\",\"https:\\\/\\\/x.com\\\/JulioFo31481517\",\"https:\\\/\\\/www.youtube.com\\\/@idb-sta-terezinha\"],\"url\":\"https:\\\/\\\/igrejadeus.com.br\\\/pregacao\\\/author\\\/prjulio\\\/\"}]}<\/script>\n<!-- \/ Yoast SEO plugin. -->","yoast_head_json":{"title":"O esp\u00edrito santo e o esp\u00edrito humano - Esbo\u00e7os de Prega\u00e7\u00f5es","description":"O mesmo Deus da paz vos santifique em tudo; e o vosso esp\u00edrito, alma e corpo sejam conservados \u00edntegros e irrepreens\u00edveis...","robots":{"index":"index","follow":"follow","max-snippet":"max-snippet:-1","max-image-preview":"max-image-preview:large","max-video-preview":"max-video-preview:-1"},"canonical":"https:\/\/igrejadeus.com.br\/pregacao\/o-espirito-santo-e-o-espirito-humano\/","og_locale":"pt_BR","og_type":"article","og_title":"O esp\u00edrito santo e o esp\u00edrito humano - Esbo\u00e7os de Prega\u00e7\u00f5es","og_description":"O mesmo Deus da paz vos santifique em tudo; e o vosso esp\u00edrito, alma e corpo sejam conservados \u00edntegros e irrepreens\u00edveis...","og_url":"https:\/\/igrejadeus.com.br\/pregacao\/o-espirito-santo-e-o-espirito-humano\/","og_site_name":"Esbo\u00e7os de Prega\u00e7\u00f5es","article_publisher":"https:\/\/www.facebook.com\/prjulio.fonseca","article_author":"https:\/\/www.facebook.com\/prjulio.fonseca","article_published_time":"2026-04-30T01:09:31+00:00","author":"Julio Fonseca","twitter_card":"summary_large_image","twitter_creator":"@JulioFo31481517","twitter_site":"@prjulio_fonseca","twitter_misc":{"Escrito por":"Julio Fonseca","Est. tempo de leitura":"7 minutos"},"schema":{"@context":"https:\/\/schema.org","@graph":[{"@type":"Article","@id":"https:\/\/igrejadeus.com.br\/pregacao\/o-espirito-santo-e-o-espirito-humano\/#article","isPartOf":{"@id":"https:\/\/igrejadeus.com.br\/pregacao\/o-espirito-santo-e-o-espirito-humano\/"},"author":{"name":"Julio Fonseca","@id":"https:\/\/igrejadeus.com.br\/pregacao\/#\/schema\/person\/544b33554fb5ce935cb6bd4da65559b4"},"headline":"O esp\u00edrito santo e o esp\u00edrito humano","datePublished":"2026-04-30T01:09:31+00:00","mainEntityOfPage":{"@id":"https:\/\/igrejadeus.com.br\/pregacao\/o-espirito-santo-e-o-espirito-humano\/"},"wordCount":1368,"commentCount":0,"publisher":{"@id":"https:\/\/igrejadeus.com.br\/pregacao\/#organization"},"keywords":["alma","corpo","espirito"],"articleSection":["letra E"],"inLanguage":"pt-BR","potentialAction":[{"@type":"CommentAction","name":"Comment","target":["https:\/\/igrejadeus.com.br\/pregacao\/o-espirito-santo-e-o-espirito-humano\/#respond"]}]},{"@type":"WebPage","@id":"https:\/\/igrejadeus.com.br\/pregacao\/o-espirito-santo-e-o-espirito-humano\/","url":"https:\/\/igrejadeus.com.br\/pregacao\/o-espirito-santo-e-o-espirito-humano\/","name":"O esp\u00edrito santo e o esp\u00edrito humano - Esbo\u00e7os de Prega\u00e7\u00f5es","isPartOf":{"@id":"https:\/\/igrejadeus.com.br\/pregacao\/#website"},"datePublished":"2026-04-30T01:09:31+00:00","description":"O mesmo Deus da paz vos santifique em tudo; e o vosso esp\u00edrito, alma e corpo sejam conservados \u00edntegros e irrepreens\u00edveis...","breadcrumb":{"@id":"https:\/\/igrejadeus.com.br\/pregacao\/o-espirito-santo-e-o-espirito-humano\/#breadcrumb"},"inLanguage":"pt-BR","potentialAction":[{"@type":"ReadAction","target":["https:\/\/igrejadeus.com.br\/pregacao\/o-espirito-santo-e-o-espirito-humano\/"]}]},{"@type":"BreadcrumbList","@id":"https:\/\/igrejadeus.com.br\/pregacao\/o-espirito-santo-e-o-espirito-humano\/#breadcrumb","itemListElement":[{"@type":"ListItem","position":1,"name":"In\u00edcio","item":"https:\/\/igrejadeus.com.br\/pregacao\/"},{"@type":"ListItem","position":2,"name":"O esp\u00edrito santo e o esp\u00edrito humano"}]},{"@type":"WebSite","@id":"https:\/\/igrejadeus.com.br\/pregacao\/#website","url":"https:\/\/igrejadeus.com.br\/pregacao\/","name":"Esbo\u00e7o de Prega\u00e7\u00f5es","description":"1.120 Esbo\u00e7os para ministra\u00e7\u00e3o","publisher":{"@id":"https:\/\/igrejadeus.com.br\/pregacao\/#organization"},"potentialAction":[{"@type":"SearchAction","target":{"@type":"EntryPoint","urlTemplate":"https:\/\/igrejadeus.com.br\/pregacao\/?s={search_term_string}"},"query-input":{"@type":"PropertyValueSpecification","valueRequired":true,"valueName":"search_term_string"}}],"inLanguage":"pt-BR"},{"@type":"Organization","@id":"https:\/\/igrejadeus.com.br\/pregacao\/#organization","name":"Esbo\u00e7o de Prega\u00e7\u00f5es","url":"https:\/\/igrejadeus.com.br\/pregacao\/","logo":{"@type":"ImageObject","inLanguage":"pt-BR","@id":"https:\/\/igrejadeus.com.br\/pregacao\/#\/schema\/logo\/image\/","url":"https:\/\/igrejadeus.com.br\/pregacao\/wp-content\/uploads\/Banner.png","contentUrl":"https:\/\/igrejadeus.com.br\/pregacao\/wp-content\/uploads\/Banner.png","width":1024,"height":276,"caption":"Esbo\u00e7o de Prega\u00e7\u00f5es"},"image":{"@id":"https:\/\/igrejadeus.com.br\/pregacao\/#\/schema\/logo\/image\/"},"sameAs":["https:\/\/www.facebook.com\/prjulio.fonseca","https:\/\/x.com\/prjulio_fonseca","https:\/\/www.youtube.com\/@idb-sta-terezinha\/streams","http:\/\/wa.link\/553fut"]},{"@type":"Person","@id":"https:\/\/igrejadeus.com.br\/pregacao\/#\/schema\/person\/544b33554fb5ce935cb6bd4da65559b4","name":"Julio Fonseca","image":{"@type":"ImageObject","inLanguage":"pt-BR","@id":"https:\/\/secure.gravatar.com\/avatar\/52e009685ed0e5c6c7d7d4042bfc984433b81c214c755be50379791465d9ac65?s=96&d=mm&r=g","url":"https:\/\/secure.gravatar.com\/avatar\/52e009685ed0e5c6c7d7d4042bfc984433b81c214c755be50379791465d9ac65?s=96&d=mm&r=g","contentUrl":"https:\/\/secure.gravatar.com\/avatar\/52e009685ed0e5c6c7d7d4042bfc984433b81c214c755be50379791465d9ac65?s=96&d=mm&r=g","caption":"Julio Fonseca"},"description":"A paz do Senhor! Eu sou o Pastor J\u00falio Fonseca, pastor da Igreja de Deus no Brasil, bairro Santa Terezinha, Catal\u00e3o - Goi\u00e1s. Mantenho meu trabalho na internet desde Fev\/2007. Antes com o site idagospel.com, e agora com o site igrejadeus.com.br \u00c9 um prazer t\u00ea-lo(a) aqui. Saiba mais sobre mim na se\u00e7\u00e3o chamada Pastor","sameAs":["https:\/\/igrejadeus.com.br\/pregacao","https:\/\/www.facebook.com\/prjulio.fonseca","https:\/\/www.instagram.com\/prjuliofonseca1\/","https:\/\/x.com\/JulioFo31481517","https:\/\/www.youtube.com\/@idb-sta-terezinha"],"url":"https:\/\/igrejadeus.com.br\/pregacao\/author\/prjulio\/"}]}},"_links":{"self":[{"href":"https:\/\/igrejadeus.com.br\/pregacao\/wp-json\/wp\/v2\/posts\/80238","targetHints":{"allow":["GET"]}}],"collection":[{"href":"https:\/\/igrejadeus.com.br\/pregacao\/wp-json\/wp\/v2\/posts"}],"about":[{"href":"https:\/\/igrejadeus.com.br\/pregacao\/wp-json\/wp\/v2\/types\/post"}],"author":[{"embeddable":true,"href":"https:\/\/igrejadeus.com.br\/pregacao\/wp-json\/wp\/v2\/users\/1"}],"replies":[{"embeddable":true,"href":"https:\/\/igrejadeus.com.br\/pregacao\/wp-json\/wp\/v2\/comments?post=80238"}],"version-history":[{"count":1,"href":"https:\/\/igrejadeus.com.br\/pregacao\/wp-json\/wp\/v2\/posts\/80238\/revisions"}],"predecessor-version":[{"id":80239,"href":"https:\/\/igrejadeus.com.br\/pregacao\/wp-json\/wp\/v2\/posts\/80238\/revisions\/80239"}],"wp:attachment":[{"href":"https:\/\/igrejadeus.com.br\/pregacao\/wp-json\/wp\/v2\/media?parent=80238"}],"wp:term":[{"taxonomy":"category","embeddable":true,"href":"https:\/\/igrejadeus.com.br\/pregacao\/wp-json\/wp\/v2\/categories?post=80238"},{"taxonomy":"post_tag","embeddable":true,"href":"https:\/\/igrejadeus.com.br\/pregacao\/wp-json\/wp\/v2\/tags?post=80238"}],"curies":[{"name":"wp","href":"https:\/\/api.w.org\/{rel}","templated":true}]}}