{"id":80209,"date":"2026-03-14T11:22:03","date_gmt":"2026-03-14T14:22:03","guid":{"rendered":"https:\/\/igrejadeus.com.br\/pregacao\/?p=80209"},"modified":"2026-03-14T11:22:03","modified_gmt":"2026-03-14T14:22:03","slug":"como-devemos-viver-para-deus","status":"publish","type":"post","link":"https:\/\/igrejadeus.com.br\/pregacao\/como-devemos-viver-para-deus\/","title":{"rendered":"Como devemos viver para Deus"},"content":{"rendered":"<h1 style=\"text-align: center;\"><b>Como devemos viver para Deus<\/b><\/h1>\n<p style=\"text-align: justify;\"><span style=\"font-weight: 400;\">\u00a0<\/span><\/p>\n<p style=\"text-align: justify;\"><b>N\u00e3o olhe para traz<\/b><\/p>\n<p style=\"text-align: justify;\"><b>Genesis 19:14<\/b><span style=\"font-weight: 400;\"> &#8211; Tendo sa\u00eddo L\u00f3, falou com seus genros, que haviam de casar com suas filhas, e disse-lhes: Levantai-vos, sa\u00ed deste lugar, porque o Senhor h\u00e1 de destruir a cidade. Mas ele pareceu aos seus genros como quem estava zombando. 15 E ao amanhecer os anjos apertavam com L\u00f3, dizendo: levanta-te, toma tua mulher e tuas duas filhas que aqui est\u00e3o, para que n\u00e3o pere\u00e7as no castigo da cidade. 16 Ele, por\u00e9m, se demorava; pelo que os homens pegaram-lhe pela m\u00e3o a ele, \u00e0 sua mulher, e \u00e0s suas filhas, sendo-lhe misericordioso o Senhor. Assim o tiraram e o puseram fora da cidade. 17 Quando os tinham tirado para fora, disse um deles: Escapa-te, salva tua vida; n\u00e3o olhes para tr\u00e1s de ti, nem te detenhas em toda esta plan\u00edcie; escapa-te l\u00e1 para o monte, para que n\u00e3o pere\u00e7as. 18 Respondeu-lhe L\u00f3: Ah, assim n\u00e3o, meu Senhor!<\/span><\/p>\n<p style=\"text-align: justify;\"><span style=\"font-weight: 400;\">26 Mas a mulher de L\u00f3 olhou para tr\u00e1s e ficou convertida em uma est\u00e1tua de sal.<\/span><\/p>\n<p style=\"text-align: justify;\"><span style=\"font-weight: 400;\">\u00a0<\/span><\/p>\n<p style=\"text-align: justify;\"><b>Creia no Senhor<\/b><\/p>\n<p style=\"text-align: justify;\"><b>\u00caxodo 16:2 &#8211;<\/b><span style=\"font-weight: 400;\"> E toda a congrega\u00e7\u00e3o dos filhos de Israel murmurou contra Mois\u00e9s e contra Ar\u00e3o no deserto. 3 Pois os filhos de Israel lhes disseram: Quem nos dera que tiv\u00e9ssemos morrido pela m\u00e3o do Senhor na terra do Egito, quando est\u00e1vamos sentados junto \u00e0s panelas de carne, quando com\u00edamos p\u00e3o at\u00e9 fartar! porque nos tendes tirado para este deserto, para matardes de fome a toda esta multid\u00e3o.<\/span><\/p>\n<p style=\"text-align: justify;\"><span style=\"font-weight: 400;\">35 Ora, os filhos de Israel comeram o man\u00e1 quarenta anos, at\u00e9 que chegaram a uma terra habitada; comeram o man\u00e1 at\u00e9 que chegaram aos termos da terra de Cana\u00e3.<\/span><\/p>\n<p style=\"text-align: justify;\"><span style=\"font-weight: 400;\">\u00a0<\/span><\/p>\n<p style=\"text-align: justify;\"><b>Buscando a Deus<\/b><\/p>\n<p style=\"text-align: justify;\"><b>I Samuel 1:11<\/b><span style=\"font-weight: 400;\"> &#8211; e fez um voto, dizendo: \u00f3 Senhor dos ex\u00e9rcitos! se deveras atentares para a afli\u00e7\u00e3o da tua serva, e de mim te lembrares, e da tua serva n\u00e3o te esqueceres, mas lhe deres um filho var\u00e3o, ao Senhor o darei por todos os dias da sua vida, e pela sua cabe\u00e7a n\u00e3o passar\u00e1 navalha. 12 Continuando ela a orar perante e Senhor, Eli observou a sua boca; 13 porquanto Ana falava no seu cora\u00e7\u00e3o; s\u00f3 se moviam os seus l\u00e1bios, e n\u00e3o se ouvia a sua voz; pelo que Eli a teve por embriagada, 14 e lhe disse: At\u00e9 quando estar\u00e1s tu embriagada? Aparta de ti o teu vinho. 15 Mas Ana respondeu: N\u00e3o, Senhor meu, eu sou uma mulher atribulada de esp\u00edrito; n\u00e3o bebi vinho nem bebida forte, por\u00e9m derramei a minha alma perante o Senhor.<\/span><\/p>\n<p style=\"text-align: justify;\"><span style=\"font-weight: 400;\">\u00a0<\/span><\/p>\n<p style=\"text-align: justify;\"><b>Servindo a Deus com alegria<\/b><\/p>\n<p style=\"text-align: justify;\"><b>Salmos 100:1<\/b><span style=\"font-weight: 400;\"> &#8211; Celebrai com j\u00fabilo ao Senhor, todos os habitantes da terra. 2 Servi ao Senhor com alegria, e apresentai-vos a ele com c\u00e2ntico. 3 Sabei que o Senhor \u00e9 Deus! Foi ele quem nos fez, e somos dele; somos o seu povo e ovelhas do seu pasto. 4 Entrai pelas suas portas com a\u00e7\u00e3o de gra\u00e7as, e em seus \u00e1trios com louvor; dai-lhe gra\u00e7as e bendizei o seu nome. 5 Porque o Senhor \u00e9 bom; a sua benignidade dura para sempre, e a sua fidelidade de gera\u00e7\u00e3o em gera\u00e7\u00e3o.<\/span><\/p>\n<p style=\"text-align: justify;\"><span style=\"font-weight: 400;\">\u00a0<\/span><\/p>\n<p style=\"text-align: justify;\"><b>Vivendo a palavra de Deus<\/b><\/p>\n<p style=\"text-align: justify;\"><b>Salmos 119:10<\/b><span style=\"font-weight: 400;\"> &#8211; De todo o meu cora\u00e7\u00e3o tenho te buscado; n\u00e3o me deixes desviar dos teus mandamentos. 11 Escondi a tua palavra no meu cora\u00e7\u00e3o, para n\u00e3o pecar contra ti.<\/span><\/p>\n<p style=\"text-align: justify;\">\n","protected":false},"excerpt":{"rendered":"<p>Como devemos viver para Deus \u00a0 N\u00e3o olhe para traz Genesis 19:14 &#8211; Tendo sa\u00eddo L\u00f3, falou com seus genros, que haviam de casar com suas filhas, e disse-lhes: Levantai-vos, sa\u00ed deste lugar, porque o Senhor h\u00e1 de destruir a cidade. Mas ele pareceu aos seus genros como quem estava zombando. 15 E ao amanhecer [&hellip;]<\/p>\n","protected":false},"author":1,"featured_media":0,"comment_status":"open","ping_status":"closed","sticky":false,"template":"","format":"standard","meta":{"footnotes":""},"categories":[4],"tags":[130,478],"class_list":["post-80209","post","type-post","status-publish","format-standard","hentry","category-letra-c","tag-deus","tag-viver"],"yoast_head":"<!-- This site is optimized with the Yoast SEO plugin v27.5 - https:\/\/yoast.com\/product\/yoast-seo-wordpress\/ -->\n<title>Como devemos viver para Deus - Esbo\u00e7os de Prega\u00e7\u00f5es<\/title>\n<meta name=\"robots\" content=\"index, follow, max-snippet:-1, max-image-preview:large, max-video-preview:-1\" \/>\n<link rel=\"canonical\" href=\"https:\/\/igrejadeus.com.br\/pregacao\/como-devemos-viver-para-deus\/\" \/>\n<meta property=\"og:locale\" content=\"pt_BR\" \/>\n<meta property=\"og:type\" content=\"article\" \/>\n<meta property=\"og:title\" content=\"Como devemos viver para Deus - Esbo\u00e7os de Prega\u00e7\u00f5es\" \/>\n<meta property=\"og:description\" content=\"Como devemos viver para Deus \u00a0 N\u00e3o olhe para traz Genesis 19:14 &#8211; Tendo sa\u00eddo L\u00f3, falou com seus genros, que haviam de casar com suas filhas, e disse-lhes: Levantai-vos, sa\u00ed deste lugar, porque o Senhor h\u00e1 de destruir a cidade. Mas ele pareceu aos seus genros como quem estava zombando. 15 E ao amanhecer [&hellip;]\" \/>\n<meta property=\"og:url\" content=\"https:\/\/igrejadeus.com.br\/pregacao\/como-devemos-viver-para-deus\/\" \/>\n<meta property=\"og:site_name\" content=\"Esbo\u00e7os de Prega\u00e7\u00f5es\" \/>\n<meta property=\"article:publisher\" content=\"https:\/\/www.facebook.com\/prjulio.fonseca\" \/>\n<meta property=\"article:author\" content=\"https:\/\/www.facebook.com\/prjulio.fonseca\" \/>\n<meta property=\"article:published_time\" content=\"2026-03-14T14:22:03+00:00\" \/>\n<meta name=\"author\" content=\"Julio Fonseca\" \/>\n<meta name=\"twitter:card\" content=\"summary_large_image\" \/>\n<meta name=\"twitter:creator\" content=\"@JulioFo31481517\" \/>\n<meta name=\"twitter:site\" content=\"@prjulio_fonseca\" \/>\n<meta name=\"twitter:label1\" content=\"Escrito por\" \/>\n\t<meta name=\"twitter:data1\" content=\"Julio Fonseca\" \/>\n\t<meta name=\"twitter:label2\" content=\"Est. tempo de leitura\" \/>\n\t<meta name=\"twitter:data2\" content=\"4 minutos\" \/>\n<script type=\"application\/ld+json\" class=\"yoast-schema-graph\">{\"@context\":\"https:\\\/\\\/schema.org\",\"@graph\":[{\"@type\":\"Article\",\"@id\":\"https:\\\/\\\/igrejadeus.com.br\\\/pregacao\\\/como-devemos-viver-para-deus\\\/#article\",\"isPartOf\":{\"@id\":\"https:\\\/\\\/igrejadeus.com.br\\\/pregacao\\\/como-devemos-viver-para-deus\\\/\"},\"author\":{\"name\":\"Julio Fonseca\",\"@id\":\"https:\\\/\\\/igrejadeus.com.br\\\/pregacao\\\/#\\\/schema\\\/person\\\/544b33554fb5ce935cb6bd4da65559b4\"},\"headline\":\"Como devemos viver para Deus\",\"datePublished\":\"2026-03-14T14:22:03+00:00\",\"mainEntityOfPage\":{\"@id\":\"https:\\\/\\\/igrejadeus.com.br\\\/pregacao\\\/como-devemos-viver-para-deus\\\/\"},\"wordCount\":581,\"commentCount\":0,\"publisher\":{\"@id\":\"https:\\\/\\\/igrejadeus.com.br\\\/pregacao\\\/#organization\"},\"keywords\":[\"Deus\",\"Viver\"],\"articleSection\":[\"Letra C\"],\"inLanguage\":\"pt-BR\",\"potentialAction\":[{\"@type\":\"CommentAction\",\"name\":\"Comment\",\"target\":[\"https:\\\/\\\/igrejadeus.com.br\\\/pregacao\\\/como-devemos-viver-para-deus\\\/#respond\"]}]},{\"@type\":\"WebPage\",\"@id\":\"https:\\\/\\\/igrejadeus.com.br\\\/pregacao\\\/como-devemos-viver-para-deus\\\/\",\"url\":\"https:\\\/\\\/igrejadeus.com.br\\\/pregacao\\\/como-devemos-viver-para-deus\\\/\",\"name\":\"Como devemos viver para Deus - Esbo\u00e7os de Prega\u00e7\u00f5es\",\"isPartOf\":{\"@id\":\"https:\\\/\\\/igrejadeus.com.br\\\/pregacao\\\/#website\"},\"datePublished\":\"2026-03-14T14:22:03+00:00\",\"breadcrumb\":{\"@id\":\"https:\\\/\\\/igrejadeus.com.br\\\/pregacao\\\/como-devemos-viver-para-deus\\\/#breadcrumb\"},\"inLanguage\":\"pt-BR\",\"potentialAction\":[{\"@type\":\"ReadAction\",\"target\":[\"https:\\\/\\\/igrejadeus.com.br\\\/pregacao\\\/como-devemos-viver-para-deus\\\/\"]}]},{\"@type\":\"BreadcrumbList\",\"@id\":\"https:\\\/\\\/igrejadeus.com.br\\\/pregacao\\\/como-devemos-viver-para-deus\\\/#breadcrumb\",\"itemListElement\":[{\"@type\":\"ListItem\",\"position\":1,\"name\":\"In\u00edcio\",\"item\":\"https:\\\/\\\/igrejadeus.com.br\\\/pregacao\\\/\"},{\"@type\":\"ListItem\",\"position\":2,\"name\":\"Como devemos viver para Deus\"}]},{\"@type\":\"WebSite\",\"@id\":\"https:\\\/\\\/igrejadeus.com.br\\\/pregacao\\\/#website\",\"url\":\"https:\\\/\\\/igrejadeus.com.br\\\/pregacao\\\/\",\"name\":\"Esbo\u00e7o de Prega\u00e7\u00f5es\",\"description\":\"1.120 Esbo\u00e7os para ministra\u00e7\u00e3o\",\"publisher\":{\"@id\":\"https:\\\/\\\/igrejadeus.com.br\\\/pregacao\\\/#organization\"},\"potentialAction\":[{\"@type\":\"SearchAction\",\"target\":{\"@type\":\"EntryPoint\",\"urlTemplate\":\"https:\\\/\\\/igrejadeus.com.br\\\/pregacao\\\/?s={search_term_string}\"},\"query-input\":{\"@type\":\"PropertyValueSpecification\",\"valueRequired\":true,\"valueName\":\"search_term_string\"}}],\"inLanguage\":\"pt-BR\"},{\"@type\":\"Organization\",\"@id\":\"https:\\\/\\\/igrejadeus.com.br\\\/pregacao\\\/#organization\",\"name\":\"Esbo\u00e7o de Prega\u00e7\u00f5es\",\"url\":\"https:\\\/\\\/igrejadeus.com.br\\\/pregacao\\\/\",\"logo\":{\"@type\":\"ImageObject\",\"inLanguage\":\"pt-BR\",\"@id\":\"https:\\\/\\\/igrejadeus.com.br\\\/pregacao\\\/#\\\/schema\\\/logo\\\/image\\\/\",\"url\":\"https:\\\/\\\/igrejadeus.com.br\\\/pregacao\\\/wp-content\\\/uploads\\\/Banner.png\",\"contentUrl\":\"https:\\\/\\\/igrejadeus.com.br\\\/pregacao\\\/wp-content\\\/uploads\\\/Banner.png\",\"width\":1024,\"height\":276,\"caption\":\"Esbo\u00e7o de Prega\u00e7\u00f5es\"},\"image\":{\"@id\":\"https:\\\/\\\/igrejadeus.com.br\\\/pregacao\\\/#\\\/schema\\\/logo\\\/image\\\/\"},\"sameAs\":[\"https:\\\/\\\/www.facebook.com\\\/prjulio.fonseca\",\"https:\\\/\\\/x.com\\\/prjulio_fonseca\",\"https:\\\/\\\/www.youtube.com\\\/@idb-sta-terezinha\\\/streams\",\"http:\\\/\\\/wa.link\\\/553fut\"]},{\"@type\":\"Person\",\"@id\":\"https:\\\/\\\/igrejadeus.com.br\\\/pregacao\\\/#\\\/schema\\\/person\\\/544b33554fb5ce935cb6bd4da65559b4\",\"name\":\"Julio Fonseca\",\"image\":{\"@type\":\"ImageObject\",\"inLanguage\":\"pt-BR\",\"@id\":\"https:\\\/\\\/secure.gravatar.com\\\/avatar\\\/52e009685ed0e5c6c7d7d4042bfc984433b81c214c755be50379791465d9ac65?s=96&d=mm&r=g\",\"url\":\"https:\\\/\\\/secure.gravatar.com\\\/avatar\\\/52e009685ed0e5c6c7d7d4042bfc984433b81c214c755be50379791465d9ac65?s=96&d=mm&r=g\",\"contentUrl\":\"https:\\\/\\\/secure.gravatar.com\\\/avatar\\\/52e009685ed0e5c6c7d7d4042bfc984433b81c214c755be50379791465d9ac65?s=96&d=mm&r=g\",\"caption\":\"Julio Fonseca\"},\"description\":\"A paz do Senhor! Eu sou o Pastor J\u00falio Fonseca, pastor da Igreja de Deus no Brasil, bairro Santa Terezinha, Catal\u00e3o - Goi\u00e1s. Mantenho meu trabalho na internet desde Fev\\\/2007. Antes com o site idagospel.com, e agora com o site igrejadeus.com.br \u00c9 um prazer t\u00ea-lo(a) aqui. Saiba mais sobre mim na se\u00e7\u00e3o chamada Pastor\",\"sameAs\":[\"https:\\\/\\\/igrejadeus.com.br\\\/pregacao\",\"https:\\\/\\\/www.facebook.com\\\/prjulio.fonseca\",\"https:\\\/\\\/www.instagram.com\\\/prjuliofonseca1\\\/\",\"https:\\\/\\\/x.com\\\/JulioFo31481517\",\"https:\\\/\\\/www.youtube.com\\\/@idb-sta-terezinha\"],\"url\":\"https:\\\/\\\/igrejadeus.com.br\\\/pregacao\\\/author\\\/prjulio\\\/\"}]}<\/script>\n<!-- \/ Yoast SEO plugin. -->","yoast_head_json":{"title":"Como devemos viver para Deus - Esbo\u00e7os de Prega\u00e7\u00f5es","robots":{"index":"index","follow":"follow","max-snippet":"max-snippet:-1","max-image-preview":"max-image-preview:large","max-video-preview":"max-video-preview:-1"},"canonical":"https:\/\/igrejadeus.com.br\/pregacao\/como-devemos-viver-para-deus\/","og_locale":"pt_BR","og_type":"article","og_title":"Como devemos viver para Deus - Esbo\u00e7os de Prega\u00e7\u00f5es","og_description":"Como devemos viver para Deus \u00a0 N\u00e3o olhe para traz Genesis 19:14 &#8211; Tendo sa\u00eddo L\u00f3, falou com seus genros, que haviam de casar com suas filhas, e disse-lhes: Levantai-vos, sa\u00ed deste lugar, porque o Senhor h\u00e1 de destruir a cidade. Mas ele pareceu aos seus genros como quem estava zombando. 15 E ao amanhecer [&hellip;]","og_url":"https:\/\/igrejadeus.com.br\/pregacao\/como-devemos-viver-para-deus\/","og_site_name":"Esbo\u00e7os de Prega\u00e7\u00f5es","article_publisher":"https:\/\/www.facebook.com\/prjulio.fonseca","article_author":"https:\/\/www.facebook.com\/prjulio.fonseca","article_published_time":"2026-03-14T14:22:03+00:00","author":"Julio Fonseca","twitter_card":"summary_large_image","twitter_creator":"@JulioFo31481517","twitter_site":"@prjulio_fonseca","twitter_misc":{"Escrito por":"Julio Fonseca","Est. tempo de leitura":"4 minutos"},"schema":{"@context":"https:\/\/schema.org","@graph":[{"@type":"Article","@id":"https:\/\/igrejadeus.com.br\/pregacao\/como-devemos-viver-para-deus\/#article","isPartOf":{"@id":"https:\/\/igrejadeus.com.br\/pregacao\/como-devemos-viver-para-deus\/"},"author":{"name":"Julio Fonseca","@id":"https:\/\/igrejadeus.com.br\/pregacao\/#\/schema\/person\/544b33554fb5ce935cb6bd4da65559b4"},"headline":"Como devemos viver para Deus","datePublished":"2026-03-14T14:22:03+00:00","mainEntityOfPage":{"@id":"https:\/\/igrejadeus.com.br\/pregacao\/como-devemos-viver-para-deus\/"},"wordCount":581,"commentCount":0,"publisher":{"@id":"https:\/\/igrejadeus.com.br\/pregacao\/#organization"},"keywords":["Deus","Viver"],"articleSection":["Letra C"],"inLanguage":"pt-BR","potentialAction":[{"@type":"CommentAction","name":"Comment","target":["https:\/\/igrejadeus.com.br\/pregacao\/como-devemos-viver-para-deus\/#respond"]}]},{"@type":"WebPage","@id":"https:\/\/igrejadeus.com.br\/pregacao\/como-devemos-viver-para-deus\/","url":"https:\/\/igrejadeus.com.br\/pregacao\/como-devemos-viver-para-deus\/","name":"Como devemos viver para Deus - Esbo\u00e7os de Prega\u00e7\u00f5es","isPartOf":{"@id":"https:\/\/igrejadeus.com.br\/pregacao\/#website"},"datePublished":"2026-03-14T14:22:03+00:00","breadcrumb":{"@id":"https:\/\/igrejadeus.com.br\/pregacao\/como-devemos-viver-para-deus\/#breadcrumb"},"inLanguage":"pt-BR","potentialAction":[{"@type":"ReadAction","target":["https:\/\/igrejadeus.com.br\/pregacao\/como-devemos-viver-para-deus\/"]}]},{"@type":"BreadcrumbList","@id":"https:\/\/igrejadeus.com.br\/pregacao\/como-devemos-viver-para-deus\/#breadcrumb","itemListElement":[{"@type":"ListItem","position":1,"name":"In\u00edcio","item":"https:\/\/igrejadeus.com.br\/pregacao\/"},{"@type":"ListItem","position":2,"name":"Como devemos viver para Deus"}]},{"@type":"WebSite","@id":"https:\/\/igrejadeus.com.br\/pregacao\/#website","url":"https:\/\/igrejadeus.com.br\/pregacao\/","name":"Esbo\u00e7o de Prega\u00e7\u00f5es","description":"1.120 Esbo\u00e7os para ministra\u00e7\u00e3o","publisher":{"@id":"https:\/\/igrejadeus.com.br\/pregacao\/#organization"},"potentialAction":[{"@type":"SearchAction","target":{"@type":"EntryPoint","urlTemplate":"https:\/\/igrejadeus.com.br\/pregacao\/?s={search_term_string}"},"query-input":{"@type":"PropertyValueSpecification","valueRequired":true,"valueName":"search_term_string"}}],"inLanguage":"pt-BR"},{"@type":"Organization","@id":"https:\/\/igrejadeus.com.br\/pregacao\/#organization","name":"Esbo\u00e7o de Prega\u00e7\u00f5es","url":"https:\/\/igrejadeus.com.br\/pregacao\/","logo":{"@type":"ImageObject","inLanguage":"pt-BR","@id":"https:\/\/igrejadeus.com.br\/pregacao\/#\/schema\/logo\/image\/","url":"https:\/\/igrejadeus.com.br\/pregacao\/wp-content\/uploads\/Banner.png","contentUrl":"https:\/\/igrejadeus.com.br\/pregacao\/wp-content\/uploads\/Banner.png","width":1024,"height":276,"caption":"Esbo\u00e7o de Prega\u00e7\u00f5es"},"image":{"@id":"https:\/\/igrejadeus.com.br\/pregacao\/#\/schema\/logo\/image\/"},"sameAs":["https:\/\/www.facebook.com\/prjulio.fonseca","https:\/\/x.com\/prjulio_fonseca","https:\/\/www.youtube.com\/@idb-sta-terezinha\/streams","http:\/\/wa.link\/553fut"]},{"@type":"Person","@id":"https:\/\/igrejadeus.com.br\/pregacao\/#\/schema\/person\/544b33554fb5ce935cb6bd4da65559b4","name":"Julio Fonseca","image":{"@type":"ImageObject","inLanguage":"pt-BR","@id":"https:\/\/secure.gravatar.com\/avatar\/52e009685ed0e5c6c7d7d4042bfc984433b81c214c755be50379791465d9ac65?s=96&d=mm&r=g","url":"https:\/\/secure.gravatar.com\/avatar\/52e009685ed0e5c6c7d7d4042bfc984433b81c214c755be50379791465d9ac65?s=96&d=mm&r=g","contentUrl":"https:\/\/secure.gravatar.com\/avatar\/52e009685ed0e5c6c7d7d4042bfc984433b81c214c755be50379791465d9ac65?s=96&d=mm&r=g","caption":"Julio Fonseca"},"description":"A paz do Senhor! Eu sou o Pastor J\u00falio Fonseca, pastor da Igreja de Deus no Brasil, bairro Santa Terezinha, Catal\u00e3o - Goi\u00e1s. Mantenho meu trabalho na internet desde Fev\/2007. Antes com o site idagospel.com, e agora com o site igrejadeus.com.br \u00c9 um prazer t\u00ea-lo(a) aqui. Saiba mais sobre mim na se\u00e7\u00e3o chamada Pastor","sameAs":["https:\/\/igrejadeus.com.br\/pregacao","https:\/\/www.facebook.com\/prjulio.fonseca","https:\/\/www.instagram.com\/prjuliofonseca1\/","https:\/\/x.com\/JulioFo31481517","https:\/\/www.youtube.com\/@idb-sta-terezinha"],"url":"https:\/\/igrejadeus.com.br\/pregacao\/author\/prjulio\/"}]}},"_links":{"self":[{"href":"https:\/\/igrejadeus.com.br\/pregacao\/wp-json\/wp\/v2\/posts\/80209","targetHints":{"allow":["GET"]}}],"collection":[{"href":"https:\/\/igrejadeus.com.br\/pregacao\/wp-json\/wp\/v2\/posts"}],"about":[{"href":"https:\/\/igrejadeus.com.br\/pregacao\/wp-json\/wp\/v2\/types\/post"}],"author":[{"embeddable":true,"href":"https:\/\/igrejadeus.com.br\/pregacao\/wp-json\/wp\/v2\/users\/1"}],"replies":[{"embeddable":true,"href":"https:\/\/igrejadeus.com.br\/pregacao\/wp-json\/wp\/v2\/comments?post=80209"}],"version-history":[{"count":1,"href":"https:\/\/igrejadeus.com.br\/pregacao\/wp-json\/wp\/v2\/posts\/80209\/revisions"}],"predecessor-version":[{"id":80210,"href":"https:\/\/igrejadeus.com.br\/pregacao\/wp-json\/wp\/v2\/posts\/80209\/revisions\/80210"}],"wp:attachment":[{"href":"https:\/\/igrejadeus.com.br\/pregacao\/wp-json\/wp\/v2\/media?parent=80209"}],"wp:term":[{"taxonomy":"category","embeddable":true,"href":"https:\/\/igrejadeus.com.br\/pregacao\/wp-json\/wp\/v2\/categories?post=80209"},{"taxonomy":"post_tag","embeddable":true,"href":"https:\/\/igrejadeus.com.br\/pregacao\/wp-json\/wp\/v2\/tags?post=80209"}],"curies":[{"name":"wp","href":"https:\/\/api.w.org\/{rel}","templated":true}]}}