{"id":80206,"date":"2026-03-14T11:17:12","date_gmt":"2026-03-14T14:17:12","guid":{"rendered":"https:\/\/igrejadeus.com.br\/pregacao\/?p=80206"},"modified":"2026-03-14T11:17:12","modified_gmt":"2026-03-14T14:17:12","slug":"os-tres-elementos-da-arca-e-sua-simbologia","status":"publish","type":"post","link":"https:\/\/igrejadeus.com.br\/pregacao\/os-tres-elementos-da-arca-e-sua-simbologia\/","title":{"rendered":"Os tr\u00eas elementos da arca e sua simbologia"},"content":{"rendered":"<h1 style=\"text-align: center;\">Os tr\u00eas elementos da arca e sua simbologia<\/h1>\n<p style=\"text-align: justify;\"><b>\u00a0<\/b><b>\u00caxodo 25:10 &#8211; <\/b><span style=\"font-weight: 400;\">Tamb\u00e9m far\u00e3o uma arca de madeira, de ac\u00e1cia; o seu comprimento ser\u00e1 de dois c\u00f4vados e meio, e a sua largura de um c\u00f4vado e meio, e de um c\u00f4vado e meio a sua altura. 11 E cobri-la-\u00e1s de ouro puro, por dentro e por fora a cobrir\u00e1s; e far\u00e1s sobre ela uma moldura de ouro ao redor; 12 e fundir\u00e1s para ela quatro argolas de ouro, que por\u00e1s nos quatro cantos dela; duas argolas de um lado e duas do outro. 13 Tamb\u00e9m far\u00e1s varais de madeira de ac\u00e1cia, que cobrir\u00e1s de ouro. 14 Meter\u00e1s os varais nas argolas, aos lados da arca, para se levar por eles a arca. 15 Os varais permanecer\u00e3o nas argolas da arca; n\u00e3o ser\u00e3o tirados dela. 16 E por\u00e1s na arca o testemunho, que eu te darei. 17 Igualmente far\u00e1s um propiciat\u00f3rio, de ouro puro; o seu comprimento ser\u00e1 de dois c\u00f4vados e meio, e a sua largura de um c\u00f4vado e meio. 18 Far\u00e1s tamb\u00e9m dois querubins de ouro; de ouro batido os far\u00e1s, nas duas extremidades do propiciat\u00f3rio. 19 Far\u00e1s um querubim numa extremidade e o outro querubim na outra extremidade; de uma s\u00f3 pe\u00e7a com o propiciat\u00f3rio fareis os querubins nas duas extremidades dele. 20 Os querubins estender\u00e3o as suas asas por cima do propiciat\u00f3rio, cobrindo-o com as asas, tendo as faces voltadas um para o outro; as faces dos querubins estar\u00e3o voltadas para o propiciat\u00f3rio. 21 E por\u00e1s o propiciat\u00f3rio em cima da arca; e dentro da arca por\u00e1s o testemunho que eu te darei. 22 E ali virei a ti, e de cima do propiciat\u00f3rio, do meio dos dois querubins que est\u00e3o sobre a arca do testemunho, falarei contigo a respeito de tudo o que eu te ordenar no tocante aos filhos de Israel.<\/span><\/p>\n<ul style=\"text-align: justify;\">\n<li><b><\/b><b> \u00a0 \u00a0 \u00a0 <\/b><span style=\"font-weight: 400;\">Deus quer falar com o povo.<\/span><\/li>\n<li><span style=\"font-weight: 400;\"> \u00a0 \u00a0 \u00a0 <\/span><span style=\"font-weight: 400;\">Deus \u00e9 espec\u00edfico na constru\u00e7\u00e3o.<\/span><\/li>\n<\/ul>\n<p style=\"text-align: justify;\">\n<p style=\"text-align: justify;\"><b>Deus fala entre os querubins<\/b><\/p>\n<p style=\"text-align: justify;\"><b>\u00caxodo 25:22 &#8211; <\/b><span style=\"font-weight: 400;\">E ali virei a ti, e de cima do propiciat\u00f3rio, do meio dos dois querubins que est\u00e3o sobre a arca do testemunho, falarei contigo a respeito de tudo o que eu te ordenar no tocante aos filhos de Israel.<\/span><\/p>\n<p style=\"text-align: justify;\"><b>N\u00fameros 7:<\/b> <b>89 &#8211; <\/b><span style=\"font-weight: 400;\">Quando Mois\u00e9s entrava na tenda da revela\u00e7\u00e3o para falar com o Senhor, ouvia a voz que lhe falava de cima do propiciat\u00f3rio, que est\u00e1 sobre a arca do testemunho entre os dois querubins; assim ele lhe falava.<\/span><\/p>\n<ul style=\"text-align: justify;\">\n<li><b><\/b><b> \u00a0 \u00a0 \u00a0 <\/b><span style=\"font-weight: 400;\">Deus pede para fazer uma arca, e porque uma arca?<\/span><\/li>\n<li><span style=\"font-weight: 400;\"> \u00a0 \u00a0 \u00a0 <\/span><span style=\"font-weight: 400;\">Para que nela era poss\u00edvel colocar 3 elementos que serviriam de referencia de conduta para o povo, ao ver os elementos todos teriam direcionamento para suas vidas.<\/span><\/li>\n<\/ul>\n<p style=\"text-align: justify;\">\n<p style=\"text-align: justify;\"><b>Os elementos da arca e sua simbologia<\/b><\/p>\n<p style=\"text-align: justify;\"><b>Hebreus 9:3 &#8211; <\/b><span style=\"font-weight: 400;\">mas depois do segundo v\u00e9u estava a tenda que se chama o santo dos santos, 4 que tinha o incens\u00e1rio de ouro, e a arca do pacto, toda coberta de ouro em redor; na qual estava um vaso de ouro, que continha o <\/span><span style=\"font-weight: 400;\">1<\/span><span style=\"font-weight: 400;\"> man\u00e1<\/span><span style=\"font-weight: 400;\">, e a <\/span><span style=\"font-weight: 400;\">2<\/span><span style=\"font-weight: 400;\"> vara de Ar\u00e3o<\/span><span style=\"font-weight: 400;\">, que tinha brotado, e as <\/span><span style=\"font-weight: 400;\">3<\/span><span style=\"font-weight: 400;\"> t\u00e1buas <\/span><span style=\"font-weight: 400;\">do pacto;<\/span><\/p>\n<p style=\"text-align: justify;\">\n<ol style=\"text-align: justify;\">\n<li><b><\/b> <b>O Man\u00e1 \u2013 A Provis\u00e3o de Deus<\/b><\/li>\n<\/ol>\n<p style=\"text-align: justify;\"><b>Jo\u00e3o 6:35 &#8211; <\/b><span style=\"font-weight: 400;\">Declarou-lhes Jesus. Eu sou o p\u00e3o da vida; aquele que vem a mim, de modo algum ter\u00e1 fome, e quem cr\u00ea em mim jamais ter\u00e1 sede.<\/span><\/p>\n<ul style=\"text-align: justify;\">\n<li><b><\/b><b> \u00a0 \u00a0 \u00a0 <\/b><span style=\"font-weight: 400;\">Deus \u00e9 provis\u00e3o.<\/span><\/li>\n<li><span style=\"font-weight: 400;\"> \u00a0 \u00a0 \u00a0 <\/span><span style=\"font-weight: 400;\">At\u00e9 nos dias atuais Deus tem provido o alimento para nossas almas. Primeiro nos alimentamos da palavra e depois nos alimentamos do pr\u00f3prio Deus atrav\u00e9s da ceia.<\/span><\/li>\n<\/ul>\n<p style=\"text-align: justify;\"><b>1 cor\u00edntios 13:23 &#8211; <\/b><span style=\"font-weight: 400;\">Porque eu recebi do Senhor o que tamb\u00e9m vos entreguei: que o Senhor Jesus, na noite em que foi tra\u00eddo, tomou p\u00e3o; 24 e, havendo dado gra\u00e7as, o partiu e disse: Isto \u00e9 o meu corpo que \u00e9 por v\u00f3s; fazei isto em mem\u00f3ria de mim.<\/span><\/p>\n<p style=\"text-align: justify;\">\n<ol style=\"text-align: justify;\" start=\"2\">\n<li><b><\/b> <b>A Vara de Ar\u00e3o \u2013 A Dire\u00e7\u00e3o e o Poder de Deus<\/b><\/li>\n<\/ol>\n<p style=\"text-align: justify;\"><b><i>Simbolizava o poder<\/i><\/b><\/p>\n<ul style=\"text-align: justify;\">\n<li><span style=\"font-weight: 400;\"> \u00a0 \u00a0 \u00a0 <\/span><span style=\"font-weight: 400;\">Se transformou em cobra e engoliu as outras cobras que os feiticeiros do fara\u00f3 haviam feito. <\/span><i><span style=\"font-weight: 400;\">(vara de Ar\u00e3o)<\/span><\/i><\/li>\n<li><span style=\"font-weight: 400;\"> \u00a0 \u00a0 \u00a0 <\/span><span style=\"font-weight: 400;\">Reverdeceu mostrando renova\u00e7\u00e3o da vida. (vara de Ar\u00e3o)<\/span><\/li>\n<li><span style=\"font-weight: 400;\"> \u00a0 \u00a0 \u00a0 <\/span><span style=\"font-weight: 400;\">A fara toca na rocha e faz \u00e1gua brota. (vara de Ar\u00e3o)<\/span><\/li>\n<li><span style=\"font-weight: 400;\"> \u00a0 \u00a0 \u00a0 <\/span><span style=\"font-weight: 400;\">A vara abriu o mar vermelho. (Vara de Mois\u00e9s)<\/span><\/li>\n<\/ul>\n<p style=\"text-align: justify;\"><b>\u00a0<\/b><\/p>\n<p style=\"text-align: justify;\"><b><i>Tamb\u00e9m simboliza dire\u00e7\u00e3o<\/i><\/b><\/p>\n<ul style=\"text-align: justify;\">\n<li><span style=\"font-weight: 400;\"> \u00a0 \u00a0 \u00a0 <\/span><span style=\"font-weight: 400;\">A vara \u00e9 usada para conduzir as ovelhas.<\/span><\/li>\n<li><span style=\"font-weight: 400;\"> \u00a0 \u00a0 \u00a0 <\/span><span style=\"font-weight: 400;\">A vara traz as ovelhas desgarradas<\/span><\/li>\n<li><span style=\"font-weight: 400;\"> \u00a0 \u00a0 \u00a0 <\/span><span style=\"font-weight: 400;\">A vara afugenta os lobos.<\/span><\/li>\n<li><span style=\"font-weight: 400;\"> \u00a0 \u00a0 \u00a0 <\/span><span style=\"font-weight: 400;\">A vara ajuda na caminhada.<\/span><\/li>\n<\/ul>\n<p style=\"text-align: justify;\"><b>\u00a0<\/b><\/p>\n<ol style=\"text-align: justify;\" start=\"3\">\n<li><b><\/b> <b>As T\u00e1buas da Lei \u2013 A Justi\u00e7a de Deus<\/b><\/li>\n<\/ol>\n<ul>\n<li style=\"text-align: justify;\"><b><\/b><b> \u00a0 \u00a0 \u00a0 <\/b><span style=\"font-weight: 400;\">Enquanto andarmos sobre a lei de Deus, andaremos sobre sua justi\u00e7a e prote\u00e7\u00e3o.<\/span><\/li>\n<li style=\"text-align: justify;\"><span style=\"font-weight: 400;\"> \u00a0 \u00a0 \u00a0 <\/span><span style=\"font-weight: 400;\">Ensinar a lei de Deus \u00e9 revelar quem ele \u00e9, e o que Ele pode fazer para cada um de n\u00f3s.<\/span><\/li>\n<li style=\"text-align: justify;\"><span style=\"font-weight: 400;\"> \u00a0 \u00a0 \u00a0 <\/span><span style=\"font-weight: 400;\">A Lei de Deus \u00e9 o pr\u00f3prio Deus falando conosco.<\/span><\/li>\n<\/ul>\n","protected":false},"excerpt":{"rendered":"<p>Os tr\u00eas elementos da arca e sua simbologia \u00a0\u00caxodo 25:10 &#8211; Tamb\u00e9m far\u00e3o uma arca de madeira, de ac\u00e1cia; o seu comprimento ser\u00e1 de dois c\u00f4vados e meio, e a sua largura de um c\u00f4vado e meio, e de um c\u00f4vado e meio a sua altura. 11 E cobri-la-\u00e1s de ouro puro, por dentro e [&hellip;]<\/p>\n","protected":false},"author":1,"featured_media":0,"comment_status":"open","ping_status":"closed","sticky":false,"template":"","format":"standard","meta":{"footnotes":""},"categories":[11],"tags":[648,150,433],"class_list":["post-80206","post","type-post","status-publish","format-standard","hentry","category-letras-rst","tag-arca","tag-elementos","tag-simbologia"],"yoast_head":"<!-- This site is optimized with the Yoast SEO plugin v27.5 - https:\/\/yoast.com\/product\/yoast-seo-wordpress\/ -->\n<title>Os tr\u00eas elementos da arca e sua simbologia - Esbo\u00e7os de Prega\u00e7\u00f5es<\/title>\n<meta name=\"robots\" content=\"index, follow, max-snippet:-1, max-image-preview:large, max-video-preview:-1\" \/>\n<link rel=\"canonical\" href=\"https:\/\/igrejadeus.com.br\/pregacao\/os-tres-elementos-da-arca-e-sua-simbologia\/\" \/>\n<meta property=\"og:locale\" content=\"pt_BR\" \/>\n<meta property=\"og:type\" content=\"article\" \/>\n<meta property=\"og:title\" content=\"Os tr\u00eas elementos da arca e sua simbologia - Esbo\u00e7os de Prega\u00e7\u00f5es\" \/>\n<meta property=\"og:description\" content=\"Os tr\u00eas elementos da arca e sua simbologia \u00a0\u00caxodo 25:10 &#8211; Tamb\u00e9m far\u00e3o uma arca de madeira, de ac\u00e1cia; o seu comprimento ser\u00e1 de dois c\u00f4vados e meio, e a sua largura de um c\u00f4vado e meio, e de um c\u00f4vado e meio a sua altura. 11 E cobri-la-\u00e1s de ouro puro, por dentro e [&hellip;]\" \/>\n<meta property=\"og:url\" content=\"https:\/\/igrejadeus.com.br\/pregacao\/os-tres-elementos-da-arca-e-sua-simbologia\/\" \/>\n<meta property=\"og:site_name\" content=\"Esbo\u00e7os de Prega\u00e7\u00f5es\" \/>\n<meta property=\"article:publisher\" content=\"https:\/\/www.facebook.com\/prjulio.fonseca\" \/>\n<meta property=\"article:author\" content=\"https:\/\/www.facebook.com\/prjulio.fonseca\" \/>\n<meta property=\"article:published_time\" content=\"2026-03-14T14:17:12+00:00\" \/>\n<meta name=\"author\" content=\"Julio Fonseca\" \/>\n<meta name=\"twitter:card\" content=\"summary_large_image\" \/>\n<meta name=\"twitter:creator\" content=\"@JulioFo31481517\" \/>\n<meta name=\"twitter:site\" content=\"@prjulio_fonseca\" \/>\n<meta name=\"twitter:label1\" content=\"Escrito por\" \/>\n\t<meta name=\"twitter:data1\" content=\"Julio Fonseca\" \/>\n\t<meta name=\"twitter:label2\" content=\"Est. tempo de leitura\" \/>\n\t<meta name=\"twitter:data2\" content=\"5 minutos\" \/>\n<script type=\"application\/ld+json\" class=\"yoast-schema-graph\">{\"@context\":\"https:\\\/\\\/schema.org\",\"@graph\":[{\"@type\":\"Article\",\"@id\":\"https:\\\/\\\/igrejadeus.com.br\\\/pregacao\\\/os-tres-elementos-da-arca-e-sua-simbologia\\\/#article\",\"isPartOf\":{\"@id\":\"https:\\\/\\\/igrejadeus.com.br\\\/pregacao\\\/os-tres-elementos-da-arca-e-sua-simbologia\\\/\"},\"author\":{\"name\":\"Julio Fonseca\",\"@id\":\"https:\\\/\\\/igrejadeus.com.br\\\/pregacao\\\/#\\\/schema\\\/person\\\/544b33554fb5ce935cb6bd4da65559b4\"},\"headline\":\"Os tr\u00eas elementos da arca e sua simbologia\",\"datePublished\":\"2026-03-14T14:17:12+00:00\",\"mainEntityOfPage\":{\"@id\":\"https:\\\/\\\/igrejadeus.com.br\\\/pregacao\\\/os-tres-elementos-da-arca-e-sua-simbologia\\\/\"},\"wordCount\":826,\"commentCount\":0,\"publisher\":{\"@id\":\"https:\\\/\\\/igrejadeus.com.br\\\/pregacao\\\/#organization\"},\"keywords\":[\"arca\",\"elementos\",\"simbologia\"],\"articleSection\":[\"Letras RST\"],\"inLanguage\":\"pt-BR\",\"potentialAction\":[{\"@type\":\"CommentAction\",\"name\":\"Comment\",\"target\":[\"https:\\\/\\\/igrejadeus.com.br\\\/pregacao\\\/os-tres-elementos-da-arca-e-sua-simbologia\\\/#respond\"]}]},{\"@type\":\"WebPage\",\"@id\":\"https:\\\/\\\/igrejadeus.com.br\\\/pregacao\\\/os-tres-elementos-da-arca-e-sua-simbologia\\\/\",\"url\":\"https:\\\/\\\/igrejadeus.com.br\\\/pregacao\\\/os-tres-elementos-da-arca-e-sua-simbologia\\\/\",\"name\":\"Os tr\u00eas elementos da arca e sua simbologia - Esbo\u00e7os de Prega\u00e7\u00f5es\",\"isPartOf\":{\"@id\":\"https:\\\/\\\/igrejadeus.com.br\\\/pregacao\\\/#website\"},\"datePublished\":\"2026-03-14T14:17:12+00:00\",\"breadcrumb\":{\"@id\":\"https:\\\/\\\/igrejadeus.com.br\\\/pregacao\\\/os-tres-elementos-da-arca-e-sua-simbologia\\\/#breadcrumb\"},\"inLanguage\":\"pt-BR\",\"potentialAction\":[{\"@type\":\"ReadAction\",\"target\":[\"https:\\\/\\\/igrejadeus.com.br\\\/pregacao\\\/os-tres-elementos-da-arca-e-sua-simbologia\\\/\"]}]},{\"@type\":\"BreadcrumbList\",\"@id\":\"https:\\\/\\\/igrejadeus.com.br\\\/pregacao\\\/os-tres-elementos-da-arca-e-sua-simbologia\\\/#breadcrumb\",\"itemListElement\":[{\"@type\":\"ListItem\",\"position\":1,\"name\":\"In\u00edcio\",\"item\":\"https:\\\/\\\/igrejadeus.com.br\\\/pregacao\\\/\"},{\"@type\":\"ListItem\",\"position\":2,\"name\":\"Os tr\u00eas elementos da arca e sua simbologia\"}]},{\"@type\":\"WebSite\",\"@id\":\"https:\\\/\\\/igrejadeus.com.br\\\/pregacao\\\/#website\",\"url\":\"https:\\\/\\\/igrejadeus.com.br\\\/pregacao\\\/\",\"name\":\"Esbo\u00e7o de Prega\u00e7\u00f5es\",\"description\":\"1.120 Esbo\u00e7os para ministra\u00e7\u00e3o\",\"publisher\":{\"@id\":\"https:\\\/\\\/igrejadeus.com.br\\\/pregacao\\\/#organization\"},\"potentialAction\":[{\"@type\":\"SearchAction\",\"target\":{\"@type\":\"EntryPoint\",\"urlTemplate\":\"https:\\\/\\\/igrejadeus.com.br\\\/pregacao\\\/?s={search_term_string}\"},\"query-input\":{\"@type\":\"PropertyValueSpecification\",\"valueRequired\":true,\"valueName\":\"search_term_string\"}}],\"inLanguage\":\"pt-BR\"},{\"@type\":\"Organization\",\"@id\":\"https:\\\/\\\/igrejadeus.com.br\\\/pregacao\\\/#organization\",\"name\":\"Esbo\u00e7o de Prega\u00e7\u00f5es\",\"url\":\"https:\\\/\\\/igrejadeus.com.br\\\/pregacao\\\/\",\"logo\":{\"@type\":\"ImageObject\",\"inLanguage\":\"pt-BR\",\"@id\":\"https:\\\/\\\/igrejadeus.com.br\\\/pregacao\\\/#\\\/schema\\\/logo\\\/image\\\/\",\"url\":\"https:\\\/\\\/igrejadeus.com.br\\\/pregacao\\\/wp-content\\\/uploads\\\/Banner.png\",\"contentUrl\":\"https:\\\/\\\/igrejadeus.com.br\\\/pregacao\\\/wp-content\\\/uploads\\\/Banner.png\",\"width\":1024,\"height\":276,\"caption\":\"Esbo\u00e7o de Prega\u00e7\u00f5es\"},\"image\":{\"@id\":\"https:\\\/\\\/igrejadeus.com.br\\\/pregacao\\\/#\\\/schema\\\/logo\\\/image\\\/\"},\"sameAs\":[\"https:\\\/\\\/www.facebook.com\\\/prjulio.fonseca\",\"https:\\\/\\\/x.com\\\/prjulio_fonseca\",\"https:\\\/\\\/www.youtube.com\\\/@idb-sta-terezinha\\\/streams\",\"http:\\\/\\\/wa.link\\\/553fut\"]},{\"@type\":\"Person\",\"@id\":\"https:\\\/\\\/igrejadeus.com.br\\\/pregacao\\\/#\\\/schema\\\/person\\\/544b33554fb5ce935cb6bd4da65559b4\",\"name\":\"Julio Fonseca\",\"image\":{\"@type\":\"ImageObject\",\"inLanguage\":\"pt-BR\",\"@id\":\"https:\\\/\\\/secure.gravatar.com\\\/avatar\\\/52e009685ed0e5c6c7d7d4042bfc984433b81c214c755be50379791465d9ac65?s=96&d=mm&r=g\",\"url\":\"https:\\\/\\\/secure.gravatar.com\\\/avatar\\\/52e009685ed0e5c6c7d7d4042bfc984433b81c214c755be50379791465d9ac65?s=96&d=mm&r=g\",\"contentUrl\":\"https:\\\/\\\/secure.gravatar.com\\\/avatar\\\/52e009685ed0e5c6c7d7d4042bfc984433b81c214c755be50379791465d9ac65?s=96&d=mm&r=g\",\"caption\":\"Julio Fonseca\"},\"description\":\"A paz do Senhor! Eu sou o Pastor J\u00falio Fonseca, pastor da Igreja de Deus no Brasil, bairro Santa Terezinha, Catal\u00e3o - Goi\u00e1s. Mantenho meu trabalho na internet desde Fev\\\/2007. Antes com o site idagospel.com, e agora com o site igrejadeus.com.br \u00c9 um prazer t\u00ea-lo(a) aqui. Saiba mais sobre mim na se\u00e7\u00e3o chamada Pastor\",\"sameAs\":[\"https:\\\/\\\/igrejadeus.com.br\\\/pregacao\",\"https:\\\/\\\/www.facebook.com\\\/prjulio.fonseca\",\"https:\\\/\\\/www.instagram.com\\\/prjuliofonseca1\\\/\",\"https:\\\/\\\/x.com\\\/JulioFo31481517\",\"https:\\\/\\\/www.youtube.com\\\/@idb-sta-terezinha\"],\"url\":\"https:\\\/\\\/igrejadeus.com.br\\\/pregacao\\\/author\\\/prjulio\\\/\"}]}<\/script>\n<!-- \/ Yoast SEO plugin. -->","yoast_head_json":{"title":"Os tr\u00eas elementos da arca e sua simbologia - Esbo\u00e7os de Prega\u00e7\u00f5es","robots":{"index":"index","follow":"follow","max-snippet":"max-snippet:-1","max-image-preview":"max-image-preview:large","max-video-preview":"max-video-preview:-1"},"canonical":"https:\/\/igrejadeus.com.br\/pregacao\/os-tres-elementos-da-arca-e-sua-simbologia\/","og_locale":"pt_BR","og_type":"article","og_title":"Os tr\u00eas elementos da arca e sua simbologia - Esbo\u00e7os de Prega\u00e7\u00f5es","og_description":"Os tr\u00eas elementos da arca e sua simbologia \u00a0\u00caxodo 25:10 &#8211; Tamb\u00e9m far\u00e3o uma arca de madeira, de ac\u00e1cia; o seu comprimento ser\u00e1 de dois c\u00f4vados e meio, e a sua largura de um c\u00f4vado e meio, e de um c\u00f4vado e meio a sua altura. 11 E cobri-la-\u00e1s de ouro puro, por dentro e [&hellip;]","og_url":"https:\/\/igrejadeus.com.br\/pregacao\/os-tres-elementos-da-arca-e-sua-simbologia\/","og_site_name":"Esbo\u00e7os de Prega\u00e7\u00f5es","article_publisher":"https:\/\/www.facebook.com\/prjulio.fonseca","article_author":"https:\/\/www.facebook.com\/prjulio.fonseca","article_published_time":"2026-03-14T14:17:12+00:00","author":"Julio Fonseca","twitter_card":"summary_large_image","twitter_creator":"@JulioFo31481517","twitter_site":"@prjulio_fonseca","twitter_misc":{"Escrito por":"Julio Fonseca","Est. tempo de leitura":"5 minutos"},"schema":{"@context":"https:\/\/schema.org","@graph":[{"@type":"Article","@id":"https:\/\/igrejadeus.com.br\/pregacao\/os-tres-elementos-da-arca-e-sua-simbologia\/#article","isPartOf":{"@id":"https:\/\/igrejadeus.com.br\/pregacao\/os-tres-elementos-da-arca-e-sua-simbologia\/"},"author":{"name":"Julio Fonseca","@id":"https:\/\/igrejadeus.com.br\/pregacao\/#\/schema\/person\/544b33554fb5ce935cb6bd4da65559b4"},"headline":"Os tr\u00eas elementos da arca e sua simbologia","datePublished":"2026-03-14T14:17:12+00:00","mainEntityOfPage":{"@id":"https:\/\/igrejadeus.com.br\/pregacao\/os-tres-elementos-da-arca-e-sua-simbologia\/"},"wordCount":826,"commentCount":0,"publisher":{"@id":"https:\/\/igrejadeus.com.br\/pregacao\/#organization"},"keywords":["arca","elementos","simbologia"],"articleSection":["Letras RST"],"inLanguage":"pt-BR","potentialAction":[{"@type":"CommentAction","name":"Comment","target":["https:\/\/igrejadeus.com.br\/pregacao\/os-tres-elementos-da-arca-e-sua-simbologia\/#respond"]}]},{"@type":"WebPage","@id":"https:\/\/igrejadeus.com.br\/pregacao\/os-tres-elementos-da-arca-e-sua-simbologia\/","url":"https:\/\/igrejadeus.com.br\/pregacao\/os-tres-elementos-da-arca-e-sua-simbologia\/","name":"Os tr\u00eas elementos da arca e sua simbologia - Esbo\u00e7os de Prega\u00e7\u00f5es","isPartOf":{"@id":"https:\/\/igrejadeus.com.br\/pregacao\/#website"},"datePublished":"2026-03-14T14:17:12+00:00","breadcrumb":{"@id":"https:\/\/igrejadeus.com.br\/pregacao\/os-tres-elementos-da-arca-e-sua-simbologia\/#breadcrumb"},"inLanguage":"pt-BR","potentialAction":[{"@type":"ReadAction","target":["https:\/\/igrejadeus.com.br\/pregacao\/os-tres-elementos-da-arca-e-sua-simbologia\/"]}]},{"@type":"BreadcrumbList","@id":"https:\/\/igrejadeus.com.br\/pregacao\/os-tres-elementos-da-arca-e-sua-simbologia\/#breadcrumb","itemListElement":[{"@type":"ListItem","position":1,"name":"In\u00edcio","item":"https:\/\/igrejadeus.com.br\/pregacao\/"},{"@type":"ListItem","position":2,"name":"Os tr\u00eas elementos da arca e sua simbologia"}]},{"@type":"WebSite","@id":"https:\/\/igrejadeus.com.br\/pregacao\/#website","url":"https:\/\/igrejadeus.com.br\/pregacao\/","name":"Esbo\u00e7o de Prega\u00e7\u00f5es","description":"1.120 Esbo\u00e7os para ministra\u00e7\u00e3o","publisher":{"@id":"https:\/\/igrejadeus.com.br\/pregacao\/#organization"},"potentialAction":[{"@type":"SearchAction","target":{"@type":"EntryPoint","urlTemplate":"https:\/\/igrejadeus.com.br\/pregacao\/?s={search_term_string}"},"query-input":{"@type":"PropertyValueSpecification","valueRequired":true,"valueName":"search_term_string"}}],"inLanguage":"pt-BR"},{"@type":"Organization","@id":"https:\/\/igrejadeus.com.br\/pregacao\/#organization","name":"Esbo\u00e7o de Prega\u00e7\u00f5es","url":"https:\/\/igrejadeus.com.br\/pregacao\/","logo":{"@type":"ImageObject","inLanguage":"pt-BR","@id":"https:\/\/igrejadeus.com.br\/pregacao\/#\/schema\/logo\/image\/","url":"https:\/\/igrejadeus.com.br\/pregacao\/wp-content\/uploads\/Banner.png","contentUrl":"https:\/\/igrejadeus.com.br\/pregacao\/wp-content\/uploads\/Banner.png","width":1024,"height":276,"caption":"Esbo\u00e7o de Prega\u00e7\u00f5es"},"image":{"@id":"https:\/\/igrejadeus.com.br\/pregacao\/#\/schema\/logo\/image\/"},"sameAs":["https:\/\/www.facebook.com\/prjulio.fonseca","https:\/\/x.com\/prjulio_fonseca","https:\/\/www.youtube.com\/@idb-sta-terezinha\/streams","http:\/\/wa.link\/553fut"]},{"@type":"Person","@id":"https:\/\/igrejadeus.com.br\/pregacao\/#\/schema\/person\/544b33554fb5ce935cb6bd4da65559b4","name":"Julio Fonseca","image":{"@type":"ImageObject","inLanguage":"pt-BR","@id":"https:\/\/secure.gravatar.com\/avatar\/52e009685ed0e5c6c7d7d4042bfc984433b81c214c755be50379791465d9ac65?s=96&d=mm&r=g","url":"https:\/\/secure.gravatar.com\/avatar\/52e009685ed0e5c6c7d7d4042bfc984433b81c214c755be50379791465d9ac65?s=96&d=mm&r=g","contentUrl":"https:\/\/secure.gravatar.com\/avatar\/52e009685ed0e5c6c7d7d4042bfc984433b81c214c755be50379791465d9ac65?s=96&d=mm&r=g","caption":"Julio Fonseca"},"description":"A paz do Senhor! Eu sou o Pastor J\u00falio Fonseca, pastor da Igreja de Deus no Brasil, bairro Santa Terezinha, Catal\u00e3o - Goi\u00e1s. Mantenho meu trabalho na internet desde Fev\/2007. Antes com o site idagospel.com, e agora com o site igrejadeus.com.br \u00c9 um prazer t\u00ea-lo(a) aqui. Saiba mais sobre mim na se\u00e7\u00e3o chamada Pastor","sameAs":["https:\/\/igrejadeus.com.br\/pregacao","https:\/\/www.facebook.com\/prjulio.fonseca","https:\/\/www.instagram.com\/prjuliofonseca1\/","https:\/\/x.com\/JulioFo31481517","https:\/\/www.youtube.com\/@idb-sta-terezinha"],"url":"https:\/\/igrejadeus.com.br\/pregacao\/author\/prjulio\/"}]}},"_links":{"self":[{"href":"https:\/\/igrejadeus.com.br\/pregacao\/wp-json\/wp\/v2\/posts\/80206","targetHints":{"allow":["GET"]}}],"collection":[{"href":"https:\/\/igrejadeus.com.br\/pregacao\/wp-json\/wp\/v2\/posts"}],"about":[{"href":"https:\/\/igrejadeus.com.br\/pregacao\/wp-json\/wp\/v2\/types\/post"}],"author":[{"embeddable":true,"href":"https:\/\/igrejadeus.com.br\/pregacao\/wp-json\/wp\/v2\/users\/1"}],"replies":[{"embeddable":true,"href":"https:\/\/igrejadeus.com.br\/pregacao\/wp-json\/wp\/v2\/comments?post=80206"}],"version-history":[{"count":1,"href":"https:\/\/igrejadeus.com.br\/pregacao\/wp-json\/wp\/v2\/posts\/80206\/revisions"}],"predecessor-version":[{"id":80207,"href":"https:\/\/igrejadeus.com.br\/pregacao\/wp-json\/wp\/v2\/posts\/80206\/revisions\/80207"}],"wp:attachment":[{"href":"https:\/\/igrejadeus.com.br\/pregacao\/wp-json\/wp\/v2\/media?parent=80206"}],"wp:term":[{"taxonomy":"category","embeddable":true,"href":"https:\/\/igrejadeus.com.br\/pregacao\/wp-json\/wp\/v2\/categories?post=80206"},{"taxonomy":"post_tag","embeddable":true,"href":"https:\/\/igrejadeus.com.br\/pregacao\/wp-json\/wp\/v2\/tags?post=80206"}],"curies":[{"name":"wp","href":"https:\/\/api.w.org\/{rel}","templated":true}]}}