{"id":51853,"date":"2018-11-06T16:51:29","date_gmt":"2018-11-06T18:51:29","guid":{"rendered":"https:\/\/idagospel.com\/?p=51853"},"modified":"2018-11-06T16:51:29","modified_gmt":"2018-11-06T18:51:29","slug":"devemos-ir-a-igreja-no-domingo-ou-no-sabado","status":"publish","type":"post","link":"https:\/\/igrejadeus.com.br\/pergunte\/devemos-ir-a-igreja-no-domingo-ou-no-sabado\/","title":{"rendered":"Devemos ir a igreja no domingo ou no s\u00e1bado"},"content":{"rendered":"<h1 style=\"text-align: center;\">Devemos ir a igreja no domingo ou no s\u00e1bado?<\/h1>\n<table class=\"form-table\">\n<tbody>\n<tr valign=\"top\">\n<th scope=\"row\"><label for=\"field[5]\">Nome<\/label><\/th>\n<td>Sim\u00f5es<\/td>\n<\/tr>\n<tr valign=\"top\">\n<th scope=\"row\"><label for=\"field[6]\">Email<\/label><\/th>\n<td><\/td>\n<\/tr>\n<tr valign=\"top\">\n<th scope=\"row\"><label for=\"field[7]\">Cidade aonde mora<\/label><\/th>\n<td>Maputo<\/td>\n<\/tr>\n<tr valign=\"top\">\n<th scope=\"row\"><label for=\"field[8]\">Estado<\/label><\/th>\n<td>Mo\u00e7ambique<\/td>\n<\/tr>\n<tr valign=\"top\">\n<th scope=\"row\"><label for=\"field[9]\">Escolha uma categoria para sua pergunta<\/label><\/th>\n<td>B\u00edblia<\/td>\n<\/tr>\n<tr valign=\"top\">\n<th scope=\"row\"><label for=\"field[10]\">Deixe aqui sua pergunta<\/label><\/th>\n<td>Porqu\u00ea que vamos a igreja no domingo enquanto a b\u00edblia diz que o dia de descanso \u00e9 s\u00e1bado?<\/td>\n<\/tr>\n<\/tbody>\n<\/table>\n<blockquote><p><strong><br \/>\n\u00caxodo 34:21<\/strong><br \/>\n21 &#8211; Seis dias trabalhar\u00e1s, mas ao s\u00e9timo dia descansar\u00e1s: na aradura e na sega descansar\u00e1s.<\/p>\n<p><strong>Atos 21:25<\/strong><br \/>\n25 &#8211; Todavia, quanto aos que cr\u00eaem dos gentios, j\u00e1 n\u00f3s havemos escrito, e achado por bem, que nada disto observem; mas que s\u00f3 se guardem do que se sacrifica aos \u00eddolos, e do sangue, e do sufocado e da prostitui\u00e7\u00e3o.<\/p><\/blockquote>\n","protected":false},"excerpt":{"rendered":"<p>Devemos ir a igreja no domingo ou no s\u00e1bado? Nome Sim\u00f5es Email Cidade aonde mora Maputo Estado Mo\u00e7ambique Escolha uma categoria para sua pergunta B\u00edblia Deixe aqui sua pergunta Porqu\u00ea que vamos a igreja no domingo enquanto a b\u00edblia diz que o dia de descanso \u00e9 s\u00e1bado? \u00caxodo 34:21 21 &#8211; Seis dias trabalhar\u00e1s, mas [&hellip;]<\/p>\n","protected":false},"author":1,"featured_media":54733,"comment_status":"open","ping_status":"open","sticky":false,"template":"","format":"standard","meta":{"footnotes":""},"categories":[8,11],"tags":[27,45,50,77,90,91,103,114,120,128,140,147,160,161,208,213,222,234,261,273],"class_list":["post-51853","post","type-post","status-publish","format-standard","has-post-thumbnail","hentry","category-biblia","category-igreja","tag-amor","tag-biblia","tag-busqueestarempaz","tag-cristo","tag-deus","tag-deusnocomando","tag-domingo","tag-espiritosanto","tag-evangelho","tag-fe","tag-gratidao","tag-igreja","tag-jesus","tag-jesuscristo","tag-palavradedeus","tag-pastor","tag-pergunte","tag-positividade","tag-sabado","tag-semduvidas"],"yoast_head":"<!-- This site is optimized with the Yoast SEO plugin v27.4 - https:\/\/yoast.com\/product\/yoast-seo-wordpress\/ -->\n<title>Devemos ir a igreja no domingo ou no s\u00e1bado - Pastor J\u00falio Fonseca<\/title>\n<meta name=\"robots\" content=\"index, follow, max-snippet:-1, max-image-preview:large, max-video-preview:-1\" \/>\n<link rel=\"canonical\" href=\"https:\/\/igrejadeus.com.br\/pergunte\/devemos-ir-a-igreja-no-domingo-ou-no-sabado\/\" \/>\n<meta property=\"og:locale\" content=\"pt_BR\" \/>\n<meta property=\"og:type\" content=\"article\" \/>\n<meta property=\"og:title\" content=\"Devemos ir a igreja no domingo ou no s\u00e1bado - Pastor J\u00falio Fonseca\" \/>\n<meta property=\"og:description\" content=\"Devemos ir a igreja no domingo ou no s\u00e1bado? Nome Sim\u00f5es Email Cidade aonde mora Maputo Estado Mo\u00e7ambique Escolha uma categoria para sua pergunta B\u00edblia Deixe aqui sua pergunta Porqu\u00ea que vamos a igreja no domingo enquanto a b\u00edblia diz que o dia de descanso \u00e9 s\u00e1bado? \u00caxodo 34:21 21 &#8211; Seis dias trabalhar\u00e1s, mas [&hellip;]\" \/>\n<meta property=\"og:url\" content=\"https:\/\/igrejadeus.com.br\/pergunte\/devemos-ir-a-igreja-no-domingo-ou-no-sabado\/\" \/>\n<meta property=\"og:site_name\" content=\"Pastor J\u00falio Fonseca\" \/>\n<meta property=\"article:publisher\" content=\"https:\/\/www.facebook.com\/prjulio.fonseca\" \/>\n<meta property=\"article:author\" content=\"https:\/\/www.facebook.com\/prjulio.fonseca\" \/>\n<meta property=\"article:published_time\" content=\"2018-11-06T18:51:29+00:00\" \/>\n<meta name=\"author\" content=\"Julio Fonseca\" \/>\n<meta name=\"twitter:card\" content=\"summary_large_image\" \/>\n<meta name=\"twitter:creator\" content=\"@JulioFo31481517\" \/>\n<meta name=\"twitter:site\" content=\"@prjulio_fonseca\" \/>\n<meta name=\"twitter:label1\" content=\"Escrito por\" \/>\n\t<meta name=\"twitter:data1\" content=\"Julio Fonseca\" \/>\n\t<meta name=\"twitter:label2\" content=\"Est. tempo de leitura\" \/>\n\t<meta name=\"twitter:data2\" content=\"1 minuto\" \/>\n<script type=\"application\/ld+json\" class=\"yoast-schema-graph\">{\"@context\":\"https:\\\/\\\/schema.org\",\"@graph\":[{\"@type\":\"Article\",\"@id\":\"https:\\\/\\\/igrejadeus.com.br\\\/pergunte\\\/devemos-ir-a-igreja-no-domingo-ou-no-sabado\\\/#article\",\"isPartOf\":{\"@id\":\"https:\\\/\\\/igrejadeus.com.br\\\/pergunte\\\/devemos-ir-a-igreja-no-domingo-ou-no-sabado\\\/\"},\"author\":{\"name\":\"Julio Fonseca\",\"@id\":\"https:\\\/\\\/igrejadeus.com.br\\\/pergunte\\\/#\\\/schema\\\/person\\\/9b54831c0226bd07ea68e4e721776b8b\"},\"headline\":\"Devemos ir a igreja no domingo ou no s\u00e1bado\",\"datePublished\":\"2018-11-06T18:51:29+00:00\",\"mainEntityOfPage\":{\"@id\":\"https:\\\/\\\/igrejadeus.com.br\\\/pergunte\\\/devemos-ir-a-igreja-no-domingo-ou-no-sabado\\\/\"},\"wordCount\":126,\"commentCount\":0,\"publisher\":{\"@id\":\"https:\\\/\\\/igrejadeus.com.br\\\/pergunte\\\/#organization\"},\"image\":{\"@id\":\"https:\\\/\\\/igrejadeus.com.br\\\/pergunte\\\/devemos-ir-a-igreja-no-domingo-ou-no-sabado\\\/#primaryimage\"},\"thumbnailUrl\":\"https:\\\/\\\/igrejadeus.com.br\\\/pergunte\\\/wp-content\\\/uploads\\\/2024\\\/08\\\/devemos-ir-a-igreja-no-domingo-ou-no-sabado-1.jpg\",\"keywords\":[\"amor\",\"biblia\",\"busqueestarempaz\",\"Cristo\",\"Deus\",\"deusnocomando\",\"domingo\",\"espiritosanto\",\"evangelho\",\"f\u00e9\",\"gratid\u00e3o\",\"Igreja\",\"Jesus\",\"jesuscristo\",\"palavradedeus\",\"Pastor\",\"pergunte\",\"positividade\",\"s\u00e1bado\",\"semduvidas\"],\"articleSection\":[\"B\u00edblia\",\"Igreja\"],\"inLanguage\":\"pt-BR\",\"potentialAction\":[{\"@type\":\"CommentAction\",\"name\":\"Comment\",\"target\":[\"https:\\\/\\\/igrejadeus.com.br\\\/pergunte\\\/devemos-ir-a-igreja-no-domingo-ou-no-sabado\\\/#respond\"]}]},{\"@type\":\"WebPage\",\"@id\":\"https:\\\/\\\/igrejadeus.com.br\\\/pergunte\\\/devemos-ir-a-igreja-no-domingo-ou-no-sabado\\\/\",\"url\":\"https:\\\/\\\/igrejadeus.com.br\\\/pergunte\\\/devemos-ir-a-igreja-no-domingo-ou-no-sabado\\\/\",\"name\":\"Devemos ir a igreja no domingo ou no s\u00e1bado - Pastor J\u00falio Fonseca\",\"isPartOf\":{\"@id\":\"https:\\\/\\\/igrejadeus.com.br\\\/pergunte\\\/#website\"},\"primaryImageOfPage\":{\"@id\":\"https:\\\/\\\/igrejadeus.com.br\\\/pergunte\\\/devemos-ir-a-igreja-no-domingo-ou-no-sabado\\\/#primaryimage\"},\"image\":{\"@id\":\"https:\\\/\\\/igrejadeus.com.br\\\/pergunte\\\/devemos-ir-a-igreja-no-domingo-ou-no-sabado\\\/#primaryimage\"},\"thumbnailUrl\":\"https:\\\/\\\/igrejadeus.com.br\\\/pergunte\\\/wp-content\\\/uploads\\\/2024\\\/08\\\/devemos-ir-a-igreja-no-domingo-ou-no-sabado-1.jpg\",\"datePublished\":\"2018-11-06T18:51:29+00:00\",\"breadcrumb\":{\"@id\":\"https:\\\/\\\/igrejadeus.com.br\\\/pergunte\\\/devemos-ir-a-igreja-no-domingo-ou-no-sabado\\\/#breadcrumb\"},\"inLanguage\":\"pt-BR\",\"potentialAction\":[{\"@type\":\"ReadAction\",\"target\":[\"https:\\\/\\\/igrejadeus.com.br\\\/pergunte\\\/devemos-ir-a-igreja-no-domingo-ou-no-sabado\\\/\"]}]},{\"@type\":\"ImageObject\",\"inLanguage\":\"pt-BR\",\"@id\":\"https:\\\/\\\/igrejadeus.com.br\\\/pergunte\\\/devemos-ir-a-igreja-no-domingo-ou-no-sabado\\\/#primaryimage\",\"url\":\"https:\\\/\\\/igrejadeus.com.br\\\/pergunte\\\/wp-content\\\/uploads\\\/2024\\\/08\\\/devemos-ir-a-igreja-no-domingo-ou-no-sabado-1.jpg\",\"contentUrl\":\"https:\\\/\\\/igrejadeus.com.br\\\/pergunte\\\/wp-content\\\/uploads\\\/2024\\\/08\\\/devemos-ir-a-igreja-no-domingo-ou-no-sabado-1.jpg\",\"width\":450,\"height\":230},{\"@type\":\"BreadcrumbList\",\"@id\":\"https:\\\/\\\/igrejadeus.com.br\\\/pergunte\\\/devemos-ir-a-igreja-no-domingo-ou-no-sabado\\\/#breadcrumb\",\"itemListElement\":[{\"@type\":\"ListItem\",\"position\":1,\"name\":\"In\u00edcio\",\"item\":\"https:\\\/\\\/igrejadeus.com.br\\\/pergunte\\\/\"},{\"@type\":\"ListItem\",\"position\":2,\"name\":\"Devemos ir a igreja no domingo ou no s\u00e1bado\"}]},{\"@type\":\"WebSite\",\"@id\":\"https:\\\/\\\/igrejadeus.com.br\\\/pergunte\\\/#website\",\"url\":\"https:\\\/\\\/igrejadeus.com.br\\\/pergunte\\\/\",\"name\":\"Pergunte ao Pastor\",\"description\":\"Levando a palavra de Deus at\u00e9 voc\u00ea!\",\"publisher\":{\"@id\":\"https:\\\/\\\/igrejadeus.com.br\\\/pergunte\\\/#organization\"},\"potentialAction\":[{\"@type\":\"SearchAction\",\"target\":{\"@type\":\"EntryPoint\",\"urlTemplate\":\"https:\\\/\\\/igrejadeus.com.br\\\/pergunte\\\/?s={search_term_string}\"},\"query-input\":{\"@type\":\"PropertyValueSpecification\",\"valueRequired\":true,\"valueName\":\"search_term_string\"}}],\"inLanguage\":\"pt-BR\"},{\"@type\":\"Organization\",\"@id\":\"https:\\\/\\\/igrejadeus.com.br\\\/pergunte\\\/#organization\",\"name\":\"IDB - Igreja de Deus no Brasil\",\"url\":\"https:\\\/\\\/igrejadeus.com.br\\\/pergunte\\\/\",\"logo\":{\"@type\":\"ImageObject\",\"inLanguage\":\"pt-BR\",\"@id\":\"https:\\\/\\\/igrejadeus.com.br\\\/pergunte\\\/#\\\/schema\\\/logo\\\/image\\\/\",\"url\":\"https:\\\/\\\/igrejadeus.com.br\\\/pergunte\\\/wp-content\\\/uploads\\\/2023\\\/09\\\/Banner-2.png\",\"contentUrl\":\"https:\\\/\\\/igrejadeus.com.br\\\/pergunte\\\/wp-content\\\/uploads\\\/2023\\\/09\\\/Banner-2.png\",\"width\":1024,\"height\":276,\"caption\":\"IDB - Igreja de Deus no Brasil\"},\"image\":{\"@id\":\"https:\\\/\\\/igrejadeus.com.br\\\/pergunte\\\/#\\\/schema\\\/logo\\\/image\\\/\"},\"sameAs\":[\"https:\\\/\\\/www.facebook.com\\\/prjulio.fonseca\",\"https:\\\/\\\/x.com\\\/prjulio_fonseca\",\"https:\\\/\\\/www.youtube.com\\\/@idb-sta-terezinha\\\/streams\",\"https:\\\/\\\/www.instagram.com\\\/prjuliofonseca1\\\/\"]},{\"@type\":\"Person\",\"@id\":\"https:\\\/\\\/igrejadeus.com.br\\\/pergunte\\\/#\\\/schema\\\/person\\\/9b54831c0226bd07ea68e4e721776b8b\",\"name\":\"Julio Fonseca\",\"image\":{\"@type\":\"ImageObject\",\"inLanguage\":\"pt-BR\",\"@id\":\"https:\\\/\\\/secure.gravatar.com\\\/avatar\\\/52e009685ed0e5c6c7d7d4042bfc984433b81c214c755be50379791465d9ac65?s=96&d=mm&r=g\",\"url\":\"https:\\\/\\\/secure.gravatar.com\\\/avatar\\\/52e009685ed0e5c6c7d7d4042bfc984433b81c214c755be50379791465d9ac65?s=96&d=mm&r=g\",\"contentUrl\":\"https:\\\/\\\/secure.gravatar.com\\\/avatar\\\/52e009685ed0e5c6c7d7d4042bfc984433b81c214c755be50379791465d9ac65?s=96&d=mm&r=g\",\"caption\":\"Julio Fonseca\"},\"description\":\"A paz do Senhor! Eu sou o Pastor J\u00falio Fonseca, pastor da Igreja de Deus no Brasil, bairro Santa Terezinha, Catal\u00e3o - Goi\u00e1s. Mantenho meu trabalho na internet desde Fev\\\/2007. Antes com o site idagospel.com, e agora com o site igrejadeus.com.br \u00c9 um prazer t\u00ea-lo(a) aqui. Saiba mais sobre mim na se\u00e7\u00e3o chamada Pastor\",\"sameAs\":[\"https:\\\/\\\/igrejadeus.com.br\\\/pergunte\",\"https:\\\/\\\/www.facebook.com\\\/prjulio.fonseca\",\"https:\\\/\\\/www.instagram.com\\\/prjuliofonseca1\\\/\",\"https:\\\/\\\/x.com\\\/JulioFo31481517\",\"https:\\\/\\\/www.youtube.com\\\/@idb-sta-terezinha\"],\"url\":\"https:\\\/\\\/igrejadeus.com.br\\\/pergunte\\\/author\\\/prjulio\\\/\"}]}<\/script>\n<!-- \/ Yoast SEO plugin. -->","yoast_head_json":{"title":"Devemos ir a igreja no domingo ou no s\u00e1bado - Pastor J\u00falio Fonseca","robots":{"index":"index","follow":"follow","max-snippet":"max-snippet:-1","max-image-preview":"max-image-preview:large","max-video-preview":"max-video-preview:-1"},"canonical":"https:\/\/igrejadeus.com.br\/pergunte\/devemos-ir-a-igreja-no-domingo-ou-no-sabado\/","og_locale":"pt_BR","og_type":"article","og_title":"Devemos ir a igreja no domingo ou no s\u00e1bado - Pastor J\u00falio Fonseca","og_description":"Devemos ir a igreja no domingo ou no s\u00e1bado? Nome Sim\u00f5es Email Cidade aonde mora Maputo Estado Mo\u00e7ambique Escolha uma categoria para sua pergunta B\u00edblia Deixe aqui sua pergunta Porqu\u00ea que vamos a igreja no domingo enquanto a b\u00edblia diz que o dia de descanso \u00e9 s\u00e1bado? \u00caxodo 34:21 21 &#8211; Seis dias trabalhar\u00e1s, mas [&hellip;]","og_url":"https:\/\/igrejadeus.com.br\/pergunte\/devemos-ir-a-igreja-no-domingo-ou-no-sabado\/","og_site_name":"Pastor J\u00falio Fonseca","article_publisher":"https:\/\/www.facebook.com\/prjulio.fonseca","article_author":"https:\/\/www.facebook.com\/prjulio.fonseca","article_published_time":"2018-11-06T18:51:29+00:00","author":"Julio Fonseca","twitter_card":"summary_large_image","twitter_creator":"@JulioFo31481517","twitter_site":"@prjulio_fonseca","twitter_misc":{"Escrito por":"Julio Fonseca","Est. tempo de leitura":"1 minuto"},"schema":{"@context":"https:\/\/schema.org","@graph":[{"@type":"Article","@id":"https:\/\/igrejadeus.com.br\/pergunte\/devemos-ir-a-igreja-no-domingo-ou-no-sabado\/#article","isPartOf":{"@id":"https:\/\/igrejadeus.com.br\/pergunte\/devemos-ir-a-igreja-no-domingo-ou-no-sabado\/"},"author":{"name":"Julio Fonseca","@id":"https:\/\/igrejadeus.com.br\/pergunte\/#\/schema\/person\/9b54831c0226bd07ea68e4e721776b8b"},"headline":"Devemos ir a igreja no domingo ou no s\u00e1bado","datePublished":"2018-11-06T18:51:29+00:00","mainEntityOfPage":{"@id":"https:\/\/igrejadeus.com.br\/pergunte\/devemos-ir-a-igreja-no-domingo-ou-no-sabado\/"},"wordCount":126,"commentCount":0,"publisher":{"@id":"https:\/\/igrejadeus.com.br\/pergunte\/#organization"},"image":{"@id":"https:\/\/igrejadeus.com.br\/pergunte\/devemos-ir-a-igreja-no-domingo-ou-no-sabado\/#primaryimage"},"thumbnailUrl":"https:\/\/igrejadeus.com.br\/pergunte\/wp-content\/uploads\/2024\/08\/devemos-ir-a-igreja-no-domingo-ou-no-sabado-1.jpg","keywords":["amor","biblia","busqueestarempaz","Cristo","Deus","deusnocomando","domingo","espiritosanto","evangelho","f\u00e9","gratid\u00e3o","Igreja","Jesus","jesuscristo","palavradedeus","Pastor","pergunte","positividade","s\u00e1bado","semduvidas"],"articleSection":["B\u00edblia","Igreja"],"inLanguage":"pt-BR","potentialAction":[{"@type":"CommentAction","name":"Comment","target":["https:\/\/igrejadeus.com.br\/pergunte\/devemos-ir-a-igreja-no-domingo-ou-no-sabado\/#respond"]}]},{"@type":"WebPage","@id":"https:\/\/igrejadeus.com.br\/pergunte\/devemos-ir-a-igreja-no-domingo-ou-no-sabado\/","url":"https:\/\/igrejadeus.com.br\/pergunte\/devemos-ir-a-igreja-no-domingo-ou-no-sabado\/","name":"Devemos ir a igreja no domingo ou no s\u00e1bado - Pastor J\u00falio Fonseca","isPartOf":{"@id":"https:\/\/igrejadeus.com.br\/pergunte\/#website"},"primaryImageOfPage":{"@id":"https:\/\/igrejadeus.com.br\/pergunte\/devemos-ir-a-igreja-no-domingo-ou-no-sabado\/#primaryimage"},"image":{"@id":"https:\/\/igrejadeus.com.br\/pergunte\/devemos-ir-a-igreja-no-domingo-ou-no-sabado\/#primaryimage"},"thumbnailUrl":"https:\/\/igrejadeus.com.br\/pergunte\/wp-content\/uploads\/2024\/08\/devemos-ir-a-igreja-no-domingo-ou-no-sabado-1.jpg","datePublished":"2018-11-06T18:51:29+00:00","breadcrumb":{"@id":"https:\/\/igrejadeus.com.br\/pergunte\/devemos-ir-a-igreja-no-domingo-ou-no-sabado\/#breadcrumb"},"inLanguage":"pt-BR","potentialAction":[{"@type":"ReadAction","target":["https:\/\/igrejadeus.com.br\/pergunte\/devemos-ir-a-igreja-no-domingo-ou-no-sabado\/"]}]},{"@type":"ImageObject","inLanguage":"pt-BR","@id":"https:\/\/igrejadeus.com.br\/pergunte\/devemos-ir-a-igreja-no-domingo-ou-no-sabado\/#primaryimage","url":"https:\/\/igrejadeus.com.br\/pergunte\/wp-content\/uploads\/2024\/08\/devemos-ir-a-igreja-no-domingo-ou-no-sabado-1.jpg","contentUrl":"https:\/\/igrejadeus.com.br\/pergunte\/wp-content\/uploads\/2024\/08\/devemos-ir-a-igreja-no-domingo-ou-no-sabado-1.jpg","width":450,"height":230},{"@type":"BreadcrumbList","@id":"https:\/\/igrejadeus.com.br\/pergunte\/devemos-ir-a-igreja-no-domingo-ou-no-sabado\/#breadcrumb","itemListElement":[{"@type":"ListItem","position":1,"name":"In\u00edcio","item":"https:\/\/igrejadeus.com.br\/pergunte\/"},{"@type":"ListItem","position":2,"name":"Devemos ir a igreja no domingo ou no s\u00e1bado"}]},{"@type":"WebSite","@id":"https:\/\/igrejadeus.com.br\/pergunte\/#website","url":"https:\/\/igrejadeus.com.br\/pergunte\/","name":"Pergunte ao Pastor","description":"Levando a palavra de Deus at\u00e9 voc\u00ea!","publisher":{"@id":"https:\/\/igrejadeus.com.br\/pergunte\/#organization"},"potentialAction":[{"@type":"SearchAction","target":{"@type":"EntryPoint","urlTemplate":"https:\/\/igrejadeus.com.br\/pergunte\/?s={search_term_string}"},"query-input":{"@type":"PropertyValueSpecification","valueRequired":true,"valueName":"search_term_string"}}],"inLanguage":"pt-BR"},{"@type":"Organization","@id":"https:\/\/igrejadeus.com.br\/pergunte\/#organization","name":"IDB - Igreja de Deus no Brasil","url":"https:\/\/igrejadeus.com.br\/pergunte\/","logo":{"@type":"ImageObject","inLanguage":"pt-BR","@id":"https:\/\/igrejadeus.com.br\/pergunte\/#\/schema\/logo\/image\/","url":"https:\/\/igrejadeus.com.br\/pergunte\/wp-content\/uploads\/2023\/09\/Banner-2.png","contentUrl":"https:\/\/igrejadeus.com.br\/pergunte\/wp-content\/uploads\/2023\/09\/Banner-2.png","width":1024,"height":276,"caption":"IDB - Igreja de Deus no Brasil"},"image":{"@id":"https:\/\/igrejadeus.com.br\/pergunte\/#\/schema\/logo\/image\/"},"sameAs":["https:\/\/www.facebook.com\/prjulio.fonseca","https:\/\/x.com\/prjulio_fonseca","https:\/\/www.youtube.com\/@idb-sta-terezinha\/streams","https:\/\/www.instagram.com\/prjuliofonseca1\/"]},{"@type":"Person","@id":"https:\/\/igrejadeus.com.br\/pergunte\/#\/schema\/person\/9b54831c0226bd07ea68e4e721776b8b","name":"Julio Fonseca","image":{"@type":"ImageObject","inLanguage":"pt-BR","@id":"https:\/\/secure.gravatar.com\/avatar\/52e009685ed0e5c6c7d7d4042bfc984433b81c214c755be50379791465d9ac65?s=96&d=mm&r=g","url":"https:\/\/secure.gravatar.com\/avatar\/52e009685ed0e5c6c7d7d4042bfc984433b81c214c755be50379791465d9ac65?s=96&d=mm&r=g","contentUrl":"https:\/\/secure.gravatar.com\/avatar\/52e009685ed0e5c6c7d7d4042bfc984433b81c214c755be50379791465d9ac65?s=96&d=mm&r=g","caption":"Julio Fonseca"},"description":"A paz do Senhor! Eu sou o Pastor J\u00falio Fonseca, pastor da Igreja de Deus no Brasil, bairro Santa Terezinha, Catal\u00e3o - Goi\u00e1s. Mantenho meu trabalho na internet desde Fev\/2007. Antes com o site idagospel.com, e agora com o site igrejadeus.com.br \u00c9 um prazer t\u00ea-lo(a) aqui. Saiba mais sobre mim na se\u00e7\u00e3o chamada Pastor","sameAs":["https:\/\/igrejadeus.com.br\/pergunte","https:\/\/www.facebook.com\/prjulio.fonseca","https:\/\/www.instagram.com\/prjuliofonseca1\/","https:\/\/x.com\/JulioFo31481517","https:\/\/www.youtube.com\/@idb-sta-terezinha"],"url":"https:\/\/igrejadeus.com.br\/pergunte\/author\/prjulio\/"}]}},"_links":{"self":[{"href":"https:\/\/igrejadeus.com.br\/pergunte\/wp-json\/wp\/v2\/posts\/51853","targetHints":{"allow":["GET"]}}],"collection":[{"href":"https:\/\/igrejadeus.com.br\/pergunte\/wp-json\/wp\/v2\/posts"}],"about":[{"href":"https:\/\/igrejadeus.com.br\/pergunte\/wp-json\/wp\/v2\/types\/post"}],"author":[{"embeddable":true,"href":"https:\/\/igrejadeus.com.br\/pergunte\/wp-json\/wp\/v2\/users\/1"}],"replies":[{"embeddable":true,"href":"https:\/\/igrejadeus.com.br\/pergunte\/wp-json\/wp\/v2\/comments?post=51853"}],"version-history":[{"count":0,"href":"https:\/\/igrejadeus.com.br\/pergunte\/wp-json\/wp\/v2\/posts\/51853\/revisions"}],"wp:featuredmedia":[{"embeddable":true,"href":"https:\/\/igrejadeus.com.br\/pergunte\/wp-json\/wp\/v2\/media\/54733"}],"wp:attachment":[{"href":"https:\/\/igrejadeus.com.br\/pergunte\/wp-json\/wp\/v2\/media?parent=51853"}],"wp:term":[{"taxonomy":"category","embeddable":true,"href":"https:\/\/igrejadeus.com.br\/pergunte\/wp-json\/wp\/v2\/categories?post=51853"},{"taxonomy":"post_tag","embeddable":true,"href":"https:\/\/igrejadeus.com.br\/pergunte\/wp-json\/wp\/v2\/tags?post=51853"}],"curies":[{"name":"wp","href":"https:\/\/api.w.org\/{rel}","templated":true}]}}