{"id":57,"date":"2024-05-21T11:34:48","date_gmt":"2024-05-21T14:34:48","guid":{"rendered":"https:\/\/igrejadeus.com.br\/cursos\/?p=57"},"modified":"2024-05-21T11:34:48","modified_gmt":"2024-05-21T14:34:48","slug":"preparando-para-a-batalha-espiritual","status":"publish","type":"post","link":"https:\/\/igrejadeus.com.br\/cursos\/preparando-para-a-batalha-espiritual\/","title":{"rendered":"Preparando para a batalha espiritual"},"content":{"rendered":"<p><iframe loading=\"lazy\" title=\"9\u00aa Aula - Curso Ora\u00e7\u00e3o e Intercess\u00e3o\" width=\"500\" height=\"281\" src=\"https:\/\/www.youtube.com\/embed\/8jVocAZVsqg?feature=oembed\" frameborder=\"0\" allow=\"accelerometer; autoplay; clipboard-write; encrypted-media; gyroscope; picture-in-picture; web-share\" referrerpolicy=\"strict-origin-when-cross-origin\" allowfullscreen><\/iframe><\/p>\n<h1 style=\"text-align: center;\"><strong>ESCOLA DO INTERCESSOR &#8211; RCO<\/strong><\/h1>\n<h1 style=\"text-align: center;\">9 <sup>0 <\/sup>aula &#8211; 2024<\/h1>\n<h2>Preparando para a batalha espiritual<\/h2>\n<p><strong>Ezequiel 28:13-19 <\/strong><\/p>\n<p>&#8211; Uma rebeli\u00e3o aconteceu no \u00c9den antes da cria\u00e7\u00e3o do Homem.<\/p>\n<p>Que batalha foi essa?<\/p>\n<p><strong>Ezequiel 28:13-19 <\/strong>\u201cEstiveste no \u00c9den, jardim de Deus; de toda a pedra preciosa era a tua cobertura: sard\u00f4nia, top\u00e1zio, diamante, turquesa, \u00f4nix, jaspe, safira, carb\u00fanculo, esmeralda e ouro; em ti se faziam os teus tambores e os teus p\u00edfaros; no dia em que foste criado foram preparados. Tu eras o querubim, ungido para cobrir, e te estabeleci; no monte santo de Deus estavas, no meio das pedras afogueadas andavas. Perfeito eras nos teus caminhos, desde o dia em que foste criado, at\u00e9 que se achou iniquidade em ti. Na multiplica\u00e7\u00e3o do teu com\u00e9rcio encheram o teu interior de viol\u00eancia, e pecaste; por isso te lancei, profanado, do monte de Deus, e te fiz perecer, \u00f3 querubim cobridor, do meio das pedras afogueadas. Elevou-se o teu cora\u00e7\u00e3o por causa da tua formosura, corrompeste a tua sabedoria por causa do teu resplendor; por terra te lancei, diante dos reis te pus, para que olhem para ti. Pela multid\u00e3o das tuas iniquidades, pela injusti\u00e7a do teu com\u00e9rcio profanaste os teus santu\u00e1rios; eu, pois, fiz sair do meio de ti um fogo, que te consumiu e te tornei em cinza sobre a terra, aos olhos de todos os que te veem. Todos os que te conhecem entre os povos est\u00e3o espantados de ti; em grande espanto te tornaste, e nunca mais subsistir\u00e1.\u201d<\/p>\n<p>&#8211; A Autoridade que o homem perdeu no \u00c9den \u00e9 resgatada por Cristo na Cruz.<\/p>\n<p><strong>Colossenses 2:14-15 <\/strong>\u201cHavendo riscado a c\u00e9dula que era contra n\u00f3s nas suas ordenan\u00e7as, a qual de alguma maneira nos era contr\u00e1ria, e a tirou do meio de n\u00f3s, cravando-a na cruz. E, despojando os principados e potestades, os exp\u00f4s publicamente e deles triunfou em si mesmo.\u201d<\/p>\n<p>&#8211; A Miss\u00e3o do Governo da terra foi dada a Igreja.<\/p>\n<p><strong>Ef\u00e9sios 3:10-11 <\/strong>\u201c&#8230;para que, agora, pela igreja, a multiforme sabedoria de Deus se torne conhecida, agora, dos principados e potestades nos lugares celestiais, segundo o eterno prop\u00f3sito que estabeleceu em Cristo Jesus, nosso Senhor,\u201d<\/p>\n<p>&#8211; Postura da Igreja: Tomar de volta atrav\u00e9s da cruz a humanidade ref\u00e9m.<\/p>\n<p><strong>1 Jo\u00e3o 5:19 <\/strong>\u201cSabemos que somos de Deus e que o mundo inteiro jaz no maligno.\u201d COMO \u00c9 ESSA BATALHA?<\/p>\n<ul>\n<li>&#8211; \u00c9 Espiritual e n\u00e3o contra pessoas e situa\u00e7\u00f5es.<\/li>\n<\/ul>\n<p>&nbsp;<\/p>\n<p><strong>Ef\u00e9sios 6:12b <\/strong>\u201c&#8230;mas, sim, contra os principados, contra as potestades, contra os pr\u00edncipes das trevas deste s\u00e9culo, contra as hostes espirituais da maldade, nos lugares celestiais.\u201d<\/p>\n<p>&#8211; O Ap\u00f3stolo Paulo est\u00e1 dizendo que nessa batalha as armas s\u00e3o:<\/p>\n<ul>\n<li>Discernimento espiritual<\/li>\n<li>Armas espirituais<\/li>\n<li>Palavra, Ora\u00e7\u00e3o e Jejum<\/li>\n<li>N\u00e3o s\u00e3o por armas carnais (for\u00e7a pr\u00f3pria, intelig\u00eancia e influ\u00eancias)<\/li>\n<\/ul>\n<p>&nbsp;<\/p>\n<ul>\n<li>&#8211; Saiba quem voc\u00ea \u00e9 em Cristo.<\/li>\n<\/ul>\n<p>&nbsp;<\/p>\n<p><strong>Ef\u00e9sios 1:20-22 <\/strong>\u201c&#8230;que manifestou em Cristo, ressuscitando-o dentre os mortos, e pondo-o \u00e0 sua direita nos c\u00e9us, acima de todo o principado, e poder, e potestade, e dom\u00ednio, e de todo o nome que se nomeia, n\u00e3o s\u00f3 neste s\u00e9culo, mas tamb\u00e9m no vindouro; e sujeitou todas as coisas a seus p\u00e9s, e sobre todas as coisas o constituiu como cabe\u00e7a da igreja,\u201d<\/p>\n<p>&#8211; Essa \u00e9 a Posi\u00e7\u00e3o do Cabe\u00e7a da Igreja e consequentemente da Igreja.<\/p>\n<p>\u201cJesus nos outorgou o PODER DO SEU NOME!\u201d<\/p>\n<ul>\n<li>&#8211; \u00c9 na mente.<\/li>\n<\/ul>\n<p>&nbsp;<\/p>\n<p><strong>2 Cor\u00edntios 10:5 <\/strong>\u201c&#8230;destruindo os conselhos, e toda a altivez que se levanta contra o conhecimento de Deus, e levando cativo todo o entendimento \u00e0 obedi\u00eancia de Cristo;\u201d<\/p>\n<p>&#8211; A estrat\u00e9gia mais forte de satan\u00e1s no mundo globalizado \u00e9 atacar a \u201cMente do Homem\u201d atrav\u00e9s do Mundo Internauta Banindo todo conhecimento de Deus.<\/p>\n<p>&#8211; A Decis\u00e3o de levar CATIVO SEU ENTENDIMENTO \u00c0 OBEDI\u00caNCIA A CRISTO \u00e9 totalmente sua. Voc\u00ea s\u00f3 conseguir\u00e1 faz\u00ea-lo; atrav\u00e9s das ESCRITURAS SAGRADAS.<\/p>\n<ul>\n<li>&#8211; Enquanto estivermos na terra, teremos batalhas.<\/li>\n<\/ul>\n<p>&nbsp;<\/p>\n<p><strong>Apocalipse 20:10 <\/strong>\u201c&#8230;e o diabo, que os enganava, foi lan\u00e7ado no lago de fogo e enxofre, onde est\u00e3o a besta e o falso profeta; e de dia e de noite ser\u00e3o atormentados para todo o sempre.\u201d<\/p>\n<p>&#8211; H\u00e1 per\u00edodos mais quietos, mas h\u00e1 per\u00edodos de grandes batalhas.<\/p>\n<p>Isso n\u00e3o quer dizer que nos dias quietos baixaremos a guarda.<\/p>\n<ul>\n<li>&#8211; O \u201cDia Mal\u201d<\/li>\n<\/ul>\n<p>&nbsp;<\/p>\n<p><strong>Ef\u00e9sios 6:13 <\/strong>\u201cPortanto, tomai toda a armadura de Deus, para que possais resistir no dia mal e, havendo feito tudo, ficar firmes.\u201d<\/p>\n<p>&#8211; \u201cPrecisamos entender algumas atitudes que podemos ter no Dia Mal\u201d.<\/p>\n<ul>\n<li>Atitude 1 \u201cDo Dia Mal\u201d<\/li>\n<\/ul>\n<p>&nbsp;<\/p>\n<p>&#8211; Essa \u00e9 a situa\u00e7\u00e3o em que as Brechas necessitam ser fechadas, pois essa \u00e9 a \u00fanica forma por onde as trevas entram<\/p>\n<ul>\n<li>Atitude 2 \u201cDo Dia Mal\u201d<\/li>\n<\/ul>\n<p>&nbsp;<\/p>\n<p><strong>1 Tim\u00f3teo 6:12 <\/strong>\u201cCombate o bom combate da F\u00e9, toma posse da vida eterna, para a qual tamb\u00e9m foste chamado, tendo j\u00e1 feito boa confiss\u00e3o diante de muitas testemunhas.\u201d<\/p>\n<p>Mateus 11:12 \u201cDesde os dias de Jo\u00e3o Batista at\u00e9 agora, o reino dos c\u00e9us \u00e9 tomado por esfor\u00e7o, e os que se esfor\u00e7am se apoderam dele.\u201d<\/p>\n<p>\u201cH\u00e1 batalhas que vem, que voc\u00ea precisa se posicionar, n\u00e3o em linha de frente, mas em RETAGUARDA.\u201d<\/p>\n<p>\u201cIsso n\u00e3o quer dizer que voc\u00ea n\u00e3o lutou. Mas que a Estrat\u00e9gia naquele Momento e lugar, de DEUS para voc\u00ea, foi essa.\u201d<\/p>\n<ul>\n<li>Atitude 3 \u201cDo Dia Mal\u201d<\/li>\n<\/ul>\n<p>&nbsp;<\/p>\n<p><strong>Salmos 18:34-38 <\/strong>\u201cEle adestrou as minhas m\u00e3os para o combate, de sorte que os meus bra\u00e7os vergaram um arco de bronze. Tamb\u00e9m me deste o escudo da tua salva\u00e7\u00e3o, a tua direita me susteve, e a tua clem\u00eancia me engrandeceu. Alargaste sob meus passos o caminho, e os meus p\u00e9s n\u00e3o vacilaram. Persegui os meus inimigos, e os alcancei, e s\u00f3 voltei depois de haver dado cabo deles. Esmaguei-os a tal ponto, que n\u00e3o puderam levantar-se; ca\u00edram sob meus p\u00e9s.\u201d<\/p>\n<p>&#8211; Esse \u00e9 o Tempo de Avan\u00e7ar para Conquistar Territ\u00f3rios&#8230; Aleluia! Contudo, jamais se coloque em campo de batalha sem uma prepara\u00e7\u00e3o da Total Depend\u00eancia de DEUS.\u201d<\/p>\n<p><strong>Pra. Gilda Fontele <\/strong><\/p>\n<p><strong>27\/Novembro-23.<\/strong><\/p>\n","protected":false},"excerpt":{"rendered":"<p>ESCOLA DO INTERCESSOR &#8211; RCO 9 0 aula &#8211; 2024 Preparando para a batalha espiritual Ezequiel 28:13-19&#8230;<\/p>\n","protected":false},"author":1,"featured_media":58,"comment_status":"open","ping_status":"open","sticky":false,"template":"","format":"standard","meta":{"footnotes":""},"categories":[19],"tags":[31,41,27],"class_list":["post-57","post","type-post","status-publish","format-standard","has-post-thumbnail","hentry","category-inercessores","tag-batalha","tag-espiritual","tag-intercessao","wpcat-19-id"],"_links":{"self":[{"href":"https:\/\/igrejadeus.com.br\/cursos\/wp-json\/wp\/v2\/posts\/57","targetHints":{"allow":["GET"]}}],"collection":[{"href":"https:\/\/igrejadeus.com.br\/cursos\/wp-json\/wp\/v2\/posts"}],"about":[{"href":"https:\/\/igrejadeus.com.br\/cursos\/wp-json\/wp\/v2\/types\/post"}],"author":[{"embeddable":true,"href":"https:\/\/igrejadeus.com.br\/cursos\/wp-json\/wp\/v2\/users\/1"}],"replies":[{"embeddable":true,"href":"https:\/\/igrejadeus.com.br\/cursos\/wp-json\/wp\/v2\/comments?post=57"}],"version-history":[{"count":1,"href":"https:\/\/igrejadeus.com.br\/cursos\/wp-json\/wp\/v2\/posts\/57\/revisions"}],"predecessor-version":[{"id":59,"href":"https:\/\/igrejadeus.com.br\/cursos\/wp-json\/wp\/v2\/posts\/57\/revisions\/59"}],"wp:featuredmedia":[{"embeddable":true,"href":"https:\/\/igrejadeus.com.br\/cursos\/wp-json\/wp\/v2\/media\/58"}],"wp:attachment":[{"href":"https:\/\/igrejadeus.com.br\/cursos\/wp-json\/wp\/v2\/media?parent=57"}],"wp:term":[{"taxonomy":"category","embeddable":true,"href":"https:\/\/igrejadeus.com.br\/cursos\/wp-json\/wp\/v2\/categories?post=57"},{"taxonomy":"post_tag","embeddable":true,"href":"https:\/\/igrejadeus.com.br\/cursos\/wp-json\/wp\/v2\/tags?post=57"}],"curies":[{"name":"wp","href":"https:\/\/api.w.org\/{rel}","templated":true}]}}