{"id":193,"date":"2024-08-27T12:52:22","date_gmt":"2024-08-27T15:52:22","guid":{"rendered":"https:\/\/igrejadeus.com.br\/cursos\/?p=193"},"modified":"2024-08-27T12:52:22","modified_gmt":"2024-08-27T15:52:22","slug":"declaracao-de-fe-da-igreja-de-deus-no-brasil","status":"publish","type":"post","link":"https:\/\/igrejadeus.com.br\/cursos\/declaracao-de-fe-da-igreja-de-deus-no-brasil\/","title":{"rendered":"Declara\u00e7\u00e3o de F\u00e9 da Igreja de Deus no Brasil"},"content":{"rendered":"<p><iframe loading=\"lazy\" title=\"Declara\u00e7\u00e3o de F\u00e9 da Igreja de Deus no Brasil\" width=\"500\" height=\"281\" src=\"https:\/\/www.youtube.com\/embed\/uF_LOPCc75o?feature=oembed\" frameborder=\"0\" allow=\"accelerometer; autoplay; clipboard-write; encrypted-media; gyroscope; picture-in-picture; web-share\" referrerpolicy=\"strict-origin-when-cross-origin\" allowfullscreen><\/iframe><\/p>\n<h1 style=\"text-align: center;\"><strong>Declara\u00e7\u00e3o de f\u00e9 da Igreja de Deus no Brasil<\/strong><\/h1>\n<p>&nbsp;<\/p>\n<p><strong><img decoding=\"async\" class=\"aligncenter\" src=\"https:\/\/idbbrasilia.com.br\/wp-content\/uploads\/2017\/07\/01.png\" alt=\"\" \/><\/strong><\/p>\n<h3><strong>Na inspira\u00e7\u00e3o verbal da B\u00edblia.<\/strong><\/h3>\n<p>&nbsp;<\/p>\n<p><strong><img decoding=\"async\" class=\"aligncenter\" src=\"https:\/\/idbbrasilia.com.br\/wp-content\/uploads\/2017\/07\/padrao1.png\" alt=\"\" \/><\/strong><\/p>\n<h3><strong>Em um s\u00f3 Deus, existente eternamente em tr\u00eas pessoas, a saber: o Pai, o Filho e o Esp\u00edrito Santo.<\/strong><\/h3>\n<p>&nbsp;<\/p>\n<p><strong><img decoding=\"async\" class=\"aligncenter\" src=\"https:\/\/idbbrasilia.com.br\/wp-content\/uploads\/2017\/07\/03.png\" alt=\"\" \/><\/strong><\/p>\n<h3><strong>Que Jesus Cristo \u00e9 o Filho Unig\u00eanito do Pai, concebido do Esp\u00edrito Santo, nascido da virgem Maria.<\/strong><\/h3>\n<p>&nbsp;<\/p>\n<p><strong><img decoding=\"async\" class=\"aligncenter\" src=\"https:\/\/idbbrasilia.com.br\/wp-content\/uploads\/2017\/07\/04.png\" alt=\"\" \/><\/strong><\/p>\n<h3><strong>Que Jesus foi crucificado, sepultado e ressuscitado dentre os mortos. Que subiu ao c\u00e9u e hoje est\u00e1 a destra de Deus como Intercessor.<\/strong><\/h3>\n<p>&nbsp;<\/p>\n<p><strong><img decoding=\"async\" class=\"aligncenter\" src=\"https:\/\/idbbrasilia.com.br\/wp-content\/uploads\/2017\/07\/padrao2.png\" alt=\"\" \/><\/strong><\/p>\n<h3><strong>Que todos pecaram e destitu\u00eddos est\u00e3o da gl\u00f3ria de Deus, e que o arrependimento \u00e9 ordenado por Deus a todos como necess\u00e1rio para o perd\u00e3o dos pecados.<\/strong><\/h3>\n<p>&nbsp;<\/p>\n<p><strong><img decoding=\"async\" class=\"aligncenter\" src=\"https:\/\/idbbrasilia.com.br\/wp-content\/uploads\/2017\/07\/padrao6.png\" alt=\"\" \/><\/strong><\/p>\n<h3><strong>Que justifica\u00e7\u00e3o, regenera\u00e7\u00e3o e novo nascimento s\u00e3o operados pela f\u00e9 no sangue de Jesus Cristo.<\/strong><\/h3>\n<p>&nbsp;<\/p>\n<p><strong><img decoding=\"async\" class=\"aligncenter\" src=\"https:\/\/idbbrasilia.com.br\/wp-content\/uploads\/2017\/07\/07.png\" alt=\"\" \/><\/strong><\/p>\n<h3><strong>Na santifica\u00e7\u00e3o subsequente ao novo nascimento, pela f\u00e9 no sangue de Cristo, pela Palavra e pelo Esp\u00edrito Santo.<\/strong><\/h3>\n<p>&nbsp;<\/p>\n<p><strong><img decoding=\"async\" class=\"aligncenter\" src=\"https:\/\/idbbrasilia.com.br\/wp-content\/uploads\/2017\/07\/padrao3.png\" alt=\"\" \/><\/strong><\/p>\n<h3><strong>Na santidade como modelo de vida de Deus para o seu povo.<\/strong><\/h3>\n<p>&nbsp;<\/p>\n<p><strong><img decoding=\"async\" class=\"aligncenter\" src=\"https:\/\/idbbrasilia.com.br\/wp-content\/uploads\/2017\/07\/09.png\" alt=\"\" \/><\/strong><\/p>\n<h3><strong>No batismo no Esp\u00edrito Santo subsequente a purifica\u00e7\u00e3o do cora\u00e7\u00e3o.<\/strong><\/h3>\n<p>&nbsp;<\/p>\n<p><strong><img decoding=\"async\" class=\"aligncenter\" src=\"https:\/\/idbbrasilia.com.br\/wp-content\/uploads\/2017\/07\/padrao4.png\" alt=\"\" \/><\/strong><\/p>\n<h3><strong>No falar em outras l\u00ednguas, conforme o Esp\u00edrito Santo concede que falemos e que isto \u00e9 a evid\u00eancia inicial do batismo no Esp\u00edrito Santo.<\/strong><\/h3>\n<p>&nbsp;<\/p>\n<p><strong><img decoding=\"async\" class=\"aligncenter\" src=\"https:\/\/idbbrasilia.com.br\/wp-content\/uploads\/2017\/07\/11.png\" alt=\"\" \/><\/strong><\/p>\n<h3><strong>No batismo em \u00e1gua por imers\u00e3o, e que todos que se arrependem devem ser batizados em nome do Pai e do Filho e do Esp\u00edrito Santo.<\/strong><\/h3>\n<p>&nbsp;<\/p>\n<p><strong><img decoding=\"async\" class=\"aligncenter\" src=\"https:\/\/idbbrasilia.com.br\/wp-content\/uploads\/2017\/07\/12.png\" alt=\"\" \/><\/strong><\/p>\n<h3><strong>Que a cura divina \u00e9 provida para todos na expia\u00e7\u00e3o.<\/strong><\/h3>\n<p>&nbsp;<\/p>\n<p><strong><img decoding=\"async\" class=\"aligncenter\" src=\"https:\/\/idbbrasilia.com.br\/wp-content\/uploads\/2017\/07\/13.png\" alt=\"\" \/><\/strong><\/p>\n<h3><strong>Na Santa Ceia e na lavagem dos p\u00e9s dos santos.<\/strong><\/h3>\n<p>&nbsp;<\/p>\n<p><strong><img decoding=\"async\" class=\"aligncenter\" src=\"https:\/\/idbbrasilia.com.br\/wp-content\/uploads\/2017\/07\/padrao5.png\" alt=\"\" \/><\/strong><\/p>\n<h3><strong>Na segunda vinda pr\u00e9-milenal de Jesus. Primeiro, para ressuscitar os mortos santos e arrebatar os santos vivos para se encontrarem com Ele nos ares. Segundo, para reinar no mundo por mil anos.<\/strong><\/h3>\n<p>&nbsp;<\/p>\n<p><strong><img decoding=\"async\" class=\"aligncenter\" src=\"https:\/\/idbbrasilia.com.br\/wp-content\/uploads\/2017\/07\/15.png\" alt=\"\" \/><\/strong><\/p>\n<h3><strong>Na ressurrei\u00e7\u00e3o dos corpos, vida eterna para os justos, e castigo eterno para os \u00edmpios.<\/strong><\/h3>\n","protected":false},"excerpt":{"rendered":"<p>Declara\u00e7\u00e3o de f\u00e9 da Igreja de Deus no Brasil &nbsp; Na inspira\u00e7\u00e3o verbal da B\u00edblia. &nbsp; Em&#8230;<\/p>\n","protected":false},"author":1,"featured_media":194,"comment_status":"open","ping_status":"open","sticky":false,"template":"","format":"standard","meta":{"footnotes":""},"categories":[78],"tags":[82,84,34,32,81,28],"class_list":["post-193","post","type-post","status-publish","format-standard","has-post-thumbnail","hentry","category-usos-e-costumes-da-idb","tag-brasil","tag-declaracao","tag-deus","tag-fe","tag-idb","tag-igreja","wpcat-78-id"],"_links":{"self":[{"href":"https:\/\/igrejadeus.com.br\/cursos\/wp-json\/wp\/v2\/posts\/193","targetHints":{"allow":["GET"]}}],"collection":[{"href":"https:\/\/igrejadeus.com.br\/cursos\/wp-json\/wp\/v2\/posts"}],"about":[{"href":"https:\/\/igrejadeus.com.br\/cursos\/wp-json\/wp\/v2\/types\/post"}],"author":[{"embeddable":true,"href":"https:\/\/igrejadeus.com.br\/cursos\/wp-json\/wp\/v2\/users\/1"}],"replies":[{"embeddable":true,"href":"https:\/\/igrejadeus.com.br\/cursos\/wp-json\/wp\/v2\/comments?post=193"}],"version-history":[{"count":1,"href":"https:\/\/igrejadeus.com.br\/cursos\/wp-json\/wp\/v2\/posts\/193\/revisions"}],"predecessor-version":[{"id":195,"href":"https:\/\/igrejadeus.com.br\/cursos\/wp-json\/wp\/v2\/posts\/193\/revisions\/195"}],"wp:featuredmedia":[{"embeddable":true,"href":"https:\/\/igrejadeus.com.br\/cursos\/wp-json\/wp\/v2\/media\/194"}],"wp:attachment":[{"href":"https:\/\/igrejadeus.com.br\/cursos\/wp-json\/wp\/v2\/media?parent=193"}],"wp:term":[{"taxonomy":"category","embeddable":true,"href":"https:\/\/igrejadeus.com.br\/cursos\/wp-json\/wp\/v2\/categories?post=193"},{"taxonomy":"post_tag","embeddable":true,"href":"https:\/\/igrejadeus.com.br\/cursos\/wp-json\/wp\/v2\/tags?post=193"}],"curies":[{"name":"wp","href":"https:\/\/api.w.org\/{rel}","templated":true}]}}