{"id":123,"date":"2024-03-20T09:59:52","date_gmt":"2024-03-20T12:59:52","guid":{"rendered":"https:\/\/igrejadeus.com.br\/cursos\/?p=123"},"modified":"2024-06-07T14:30:24","modified_gmt":"2024-06-07T17:30:24","slug":"o-verbo-que-se-fez-carne","status":"publish","type":"post","link":"https:\/\/igrejadeus.com.br\/cursos\/o-verbo-que-se-fez-carne\/","title":{"rendered":"O verbo que se fez carne"},"content":{"rendered":"<p><iframe loading=\"lazy\" title=\"Curso de Cristologia - Aula 2\" width=\"500\" height=\"281\" src=\"https:\/\/www.youtube.com\/embed\/HQhYUjrPvqE?feature=oembed\" frameborder=\"0\" allow=\"accelerometer; autoplay; clipboard-write; encrypted-media; gyroscope; picture-in-picture; web-share\" referrerpolicy=\"strict-origin-when-cross-origin\" allowfullscreen><\/iframe><\/p>\n<h1 style=\"text-align: center;\">O verbo que se fez carne<\/h1>\n<h2 style=\"text-align: center;\"><span style=\"vertical-align: inherit;\"><span style=\"vertical-align: inherit;\">Cristologia 2 &#8211; O verbo que se fez carne<\/span><\/span><\/h2>\n<h2><\/h2>\n<h2 style=\"text-align: center;\"><strong><span style=\"vertical-align: inherit;\"><span style=\"vertical-align: inherit;\">O verbo se fez carne \u2013 Jo\u00e3o 1<\/span><\/span><\/strong><\/h2>\n<h3 style=\"text-align: center;\"><span style=\"vertical-align: inherit;\"><span style=\"vertical-align: inherit;\">Jo\u00e3o 1:1-51<\/span><\/span><\/h3>\n<p style=\"text-align: justify;\"><span style=\"vertical-align: inherit;\"><span style=\"vertical-align: inherit;\">1 &#8211; NO princ\u00edpio era o Verbo, e o Verbo estava com Deus, e o Verbo era Deus. 2 &#8211; Ele estava no princ\u00edpio com Deus. 3 &#8211; Todas as coisas foram feitas por ele, e sem ele nada do que foi feito se fez.<\/span><\/span><\/p>\n<ul style=\"text-align: justify;\">\n<li><strong><span style=\"vertical-align: inherit;\"><span style=\"vertical-align: inherit;\">A origem espiritual de Jesus<\/span><\/span><\/strong><\/li>\n<\/ul>\n<p style=\"text-align: justify;\"><span style=\"vertical-align: inherit;\"><span style=\"vertical-align: inherit;\">4 &#8211; Nele estava a vida, e a vida era a luz dos homens. 5 &#8211; E a luz resplandece nas trevas, e as trevas n\u00e3o a compreenderam.<\/span><\/span><\/p>\n<ul style=\"text-align: justify;\">\n<li><span style=\"vertical-align: inherit;\"><span style=\"vertical-align: inherit;\">A miss\u00e3o de Jesus traz a luz nas trevas, e o que ele recebeu dos homens foi a cruz.<\/span><\/span><\/li>\n<\/ul>\n<p style=\"text-align: justify;\"><span style=\"vertical-align: inherit;\"><span style=\"vertical-align: inherit;\">6 &#8211; Houve um homem enviado de Deus, cujo nome era Jo\u00e3o. 7 &#8211; Este veio para testemunho, para que testificasse da luz, para que todos cressem por ele. 8 &#8211; N\u00e3o era ele a luz, mas para que testificasse da luz.<\/span><\/span><\/p>\n<ul style=\"text-align: justify;\">\n<li><strong><span style=\"vertical-align: inherit;\"><span style=\"vertical-align: inherit;\">A miss\u00e3o de Jo\u00e3o Batista, prepara o caminho para Jesus.<\/span><\/span><\/strong><\/li>\n<\/ul>\n<p style=\"text-align: justify;\"><span style=\"vertical-align: inherit;\"><span style=\"vertical-align: inherit;\">9 &#8211; Ali estava a luz verdadeira, que ilumina todo o homem que vem ao mundo. 10 &#8211; Estava no mundo, e o mundo foi feito por ele, e o mundo n\u00e3o o conheceu. 11 &#8211; Veio para o que era seu, e os seus n\u00e3o o receberam. 12 &#8211; Mas, a todos quantos o receberam, deu-lhes o poder de serem feitos filhos de Deus, aos que cr\u00eaem no seu nome; 13 &#8211; Os quais n\u00e3o nasceram do sangue, nem da vontade da carne, nem da vontade do homem, mas de Deus.<\/span><\/span><\/p>\n<ul style=\"text-align: justify;\">\n<li><strong><span style=\"vertical-align: inherit;\"><span style=\"vertical-align: inherit;\">Ele veio para o povo Judeu cumprindo a promessa de Deus para Abra\u00e3o.<\/span><\/span><\/strong>\n<ul>\n<li><span style=\"vertical-align: inherit;\"><span style=\"vertical-align: inherit;\">G\u00eanesis 12:1-2 1 &#8211; ORA, o Senhor disse a Abr\u00e3o: Sai-te da tua terra, da tua parentela e da casa de teu pai, para a terra que eu te mostrarei. 2 &#8211; E far-te-ei uma grande na\u00e7\u00e3o, e aben\u00e7oar-te-ei e engrandecerei o teu nome; e voc\u00ea ser\u00e1 uma vit\u00f3ria.<\/span><\/span><\/li>\n<\/ul>\n<\/li>\n<\/ul>\n<p style=\"text-align: justify;\"><span style=\"vertical-align: inherit;\"><span style=\"vertical-align: inherit;\">14 &#8211; E o Verbo se fez carne, e habitou entre n\u00f3s, e viu a sua gl\u00f3ria, como a gl\u00f3ria do unig\u00eanito do Pai, cheio de gra\u00e7a e de verdade. 15 &#8211; Jo\u00e3o testemunhou dele, e clamou, dizendo: Este era aquele de quem eu disse: O que vem ap\u00f3s mim \u00e9 antes de mim, porque foi primeiro do que eu. 16 &#8211; E todos n\u00f3s recebemos tamb\u00e9m da sua plenitude, e gra\u00e7a por gra\u00e7a. 17 &#8211; Porque a lei foi dada por Mois\u00e9s; a gra\u00e7a e a verdade vieram por Jesus Cristo.<\/span><\/span><\/p>\n<ul style=\"text-align: justify;\">\n<li><span style=\"vertical-align: inherit;\"><span style=\"vertical-align: inherit;\">Mois\u00e9s trouxe as t\u00e1buas da salva\u00e7\u00e3o. Jesus disse que se houve arrependimento sincero ele perdoaria os pecados.<\/span><\/span>\n<ul>\n<li><strong><span style=\"vertical-align: inherit;\"><span style=\"vertical-align: inherit;\">Prov\u00e9rbios 28:13<\/span><\/span><\/strong><span style=\"vertical-align: inherit;\"><span style=\"vertical-align: inherit;\"> &#8211; O que encobre as suas transgress\u00f5es nunca prosperar\u00e1, mas o que as confessa e deixa, alcan\u00e7ar\u00e1 miseric\u00f3rdia.<\/span><\/span><\/li>\n<li><strong><span style=\"vertical-align: inherit;\"><span style=\"vertical-align: inherit;\">Ef\u00e9sios 2:8-9<\/span><\/span><\/strong><span style=\"vertical-align: inherit;\"><span style=\"vertical-align: inherit;\"> 8 &#8211; Porque pela gra\u00e7a s\u00f3is salvos, por meio da f\u00e9; e isto n\u00e3o vem de v\u00f3s, \u00e9 dom de Deus. 9 &#8211; N\u00e3o vem das obras, para que ningu\u00e9m se glorie;<\/span><\/span><\/li>\n<\/ul>\n<\/li>\n<\/ul>\n<p style=\"text-align: justify;\"><span style=\"vertical-align: inherit;\"><span style=\"vertical-align: inherit;\">18 &#8211; Deus nunca foi visto por algu\u00e9m. O Filho unig\u00eanito, que est\u00e1 no seio do Pai, esse o revelou.<\/span><\/span><\/p>\n<ul style=\"text-align: justify;\">\n<li><strong><span style=\"vertical-align: inherit;\"><span style=\"vertical-align: inherit;\">Jesus nos revela a Deus, pois sabemos quem \u00e9 o pai por meio da mensagem do filho.<\/span><\/span><\/strong><\/li>\n<\/ul>\n<p style=\"text-align: justify;\"><span style=\"vertical-align: inherit;\"><span style=\"vertical-align: inherit;\">19 &#8211; E este \u00e9 o testemunho de Jo\u00e3o, quando os judeus mandaram de Jerusal\u00e9m sacerdotes e levitas para que lhe perguntassem: Quem \u00e9s tu? 20 &#8211; E confessou, e n\u00e3o negou; confessou: Eu n\u00e3o sou o Cristo. 21 &#8211; E perguntaram-lhe: Ent\u00e3o o que? \u00c9 o seu Elias? E disse: N\u00e3o sou. \u00c9 o seu profeta? E respondeu: N\u00e3o. 22 &#8211; Disseram-lhe pois: Quem \u00e9? para que demos respostas \u00e0queles que nos enviaram; o que diz de voc\u00ea mesmo? 23 &#8211; Disse: Eu sou a voz do que clama no deserto: Endireitai o caminho do Senhor, como disse o profeta Isa\u00edas.<\/span><\/span><\/p>\n<ul style=\"text-align: justify;\">\n<li><strong><span style=\"vertical-align: inherit;\"><span style=\"vertical-align: inherit;\">Jo\u00e3o Batista era Elias renascido.<\/span><\/span><\/strong>\n<ul>\n<li><strong>Mateus 17:12-13<\/strong> 12 &#8211; Mas digo-vos que Elias j\u00e1 veio, e n\u00e3o o conheceram, mas fizeram-lhe tudo o que quiseram. Assim far\u00e3o eles tamb\u00e9m padecer o Filho do homem. 13 &#8211; Ent\u00e3o entenderam os disc\u00edpulos que lhes falara de Jo\u00e3o o Batista.<\/li>\n<\/ul>\n<\/li>\n<\/ul>\n<p style=\"text-align: justify;\">24 &#8211; E os que tinham sido enviados eram dos fariseus. 25 &#8211; E perguntaram-lhe, e disseram-lhe: Por que batizas, pois, se tu n\u00e3o \u00e9s o Cristo, nem Elias, nem o profeta? 26 &#8211; Jo\u00e3o respondeu-lhes, dizendo: Eu batizo com \u00e1gua; mas no meio de v\u00f3s est\u00e1 um a quem v\u00f3s n\u00e3o conheceis. 27 &#8211; Este \u00e9 aquele que vem ap\u00f3s mim, que \u00e9 antes de mim, do qual eu n\u00e3o sou digno de desatar a correia da alparca.<\/p>\n<ul style=\"text-align: justify;\">\n<li><strong>Jo\u00e3o revela a vinda de Jesus e a sua gl\u00f3ria e poder.<\/strong><\/li>\n<\/ul>\n<p style=\"text-align: justify;\">28 &#8211; Estas coisas aconteceram em Bet\u00e2nia, do outro lado do Jord\u00e3o, onde Jo\u00e3o estava batizando. 29 &#8211; No dia seguinte Jo\u00e3o viu a Jesus, que vinha para ele, e disse: Eis o Cordeiro de Deus, que tira o pecado do mundo. 30 &#8211; Este \u00e9 aquele do qual eu disse: Ap\u00f3s mim vem um homem que \u00e9 antes de mim, porque foi primeiro do que eu. 31 &#8211; E eu n\u00e3o o conhecia; mas, para que ele fosse manifestado a Israel, vim eu, por isso, batizando com \u00e1gua. 32 &#8211; E Jo\u00e3o testificou, dizendo: Eu vi o Esp\u00edrito descer do c\u00e9u como pomba, e repousar sobre ele. 33 &#8211; E eu n\u00e3o o conhecia, mas o que me mandou a batizar com \u00e1gua, esse me disse: Sobre aquele que vires descer o Esp\u00edrito, e sobre ele repousar, esse \u00e9 o que batiza com o Esp\u00edrito Santo. 34 &#8211; E eu vi, e tenho testificado que este \u00e9 o Filho de Deus.<\/p>\n<ul style=\"text-align: justify;\">\n<li><strong>A ordenan\u00e7a do batismo n\u00e3o \u00e9 de Jo\u00e3o Batista, mas do pr\u00f3prio Deus.<\/strong><\/li>\n<\/ul>\n<p style=\"text-align: justify;\">35 &#8211; No dia seguinte Jo\u00e3o estava outra vez ali, e dois dos seus disc\u00edpulos; 36 &#8211; E, vendo passar a Jesus, disse: Eis aqui o Cordeiro de Deus. 37 &#8211; E os dois disc\u00edpulos ouviram-no dizer isto, e seguiram a Jesus. 38 &#8211; E Jesus, voltando-se e vendo que eles o seguiam, disse-lhes: Que buscais? E eles disseram: Rabi (que, traduzido, quer dizer Mestre), onde moras? 39 &#8211; Ele lhes disse: Vinde, e vede. Foram, e viram onde morava, e ficaram com ele aquele dia; e era j\u00e1 quase a hora d\u00e9cima. 40 &#8211; Era Andr\u00e9, irm\u00e3o de Sim\u00e3o Pedro, um dos dois que ouviram aquilo de Jo\u00e3o, e o haviam seguido. 41 &#8211; Este achou primeiro a seu irm\u00e3o Sim\u00e3o, e disse-lhe: Achamos o Messias (que, traduzido, \u00e9 o Cristo). 42 &#8211; E levou-o a Jesus. E, olhando Jesus para ele, disse: Tu \u00e9s Sim\u00e3o, filho de Jonas; tu ser\u00e1s chamado Cefas (que quer dizer Pedro).<\/p>\n<ul style=\"text-align: justify;\">\n<li><strong>O significa Cristo Jesus revela que tudo sabe.<\/strong><\/li>\n<\/ul>\n<p style=\"text-align: justify;\"><span style=\"vertical-align: inherit;\"><span style=\"vertical-align: inherit;\">43 &#8211; No dia seguinte quis Jesus ir \u00e0 Galil\u00e9ia, e achou o Filipe, e disse-lhe: Segue-me. 44 &#8211; E Filipe era de Betsaida, cidade de Andr\u00e9 e de Pedro. 45 &#8211; Filipe achou Natanael, e disse-lhe: Havemos achado aquele de quem Mois\u00e9s escreveu na lei, e os profetas: Jesus de Nazar\u00e9, filho de Jos\u00e9. 46 &#8211; Disse-lhe Natanael: Pode vir alguma coisa boa de Nazar\u00e9? Disse-lhe Filipe: Vem, e v\u00ea. 47 &#8211; Jesus viu Natanael vir ter com ele, e disse dele: Eis aqui um verdadeiro israelita, em quem n\u00e3o h\u00e1 dolo. 48 &#8211; Disse-lhe Natanael: De onde eu conhe\u00e7o voc\u00ea? Jesus respondeu, e disse-lhe: Antes que Filipe te chamasse, te vi eu, estando tu debaixo da figueira. 49 &#8211; Natanael respondeu, e disse-lhe: Rabi, tu \u00e9s o Filho de Deus; tu \u00e9s o Rei de Israel. 50 &#8211; Jesus respondeu, e disse-lhe: Porque te disse: Vi-te debaixo da figueira, cr\u00eas? Coisas maiores do que estas ver\u00e3o. 51 &#8211; E disse-lhe: Na verdade, na verdade vos digo que daqui em diante vereis o c\u00e9u aberto, e os anjos de Deus subindo e descendo sobre o Filho do homem.<\/span><\/span><\/p>\n","protected":false},"excerpt":{"rendered":"<p>O verbo que se fez carne Cristologia 2 &#8211; O verbo que se fez carne O verbo&#8230;<\/p>\n","protected":false},"author":1,"featured_media":124,"comment_status":"open","ping_status":"open","sticky":false,"template":"","format":"standard","meta":{"footnotes":""},"categories":[2],"tags":[70,52,5,6,68,4,67,66,69],"class_list":["post-123","post","type-post","status-publish","format-standard","has-post-thumbnail","hentry","category-cristologia","tag-carne","tag-cristo","tag-cristologia","tag-curso","tag-genealogia","tag-jesus","tag-lucas","tag-mateus","tag-verbo","wpcat-2-id"],"_links":{"self":[{"href":"https:\/\/igrejadeus.com.br\/cursos\/wp-json\/wp\/v2\/posts\/123","targetHints":{"allow":["GET"]}}],"collection":[{"href":"https:\/\/igrejadeus.com.br\/cursos\/wp-json\/wp\/v2\/posts"}],"about":[{"href":"https:\/\/igrejadeus.com.br\/cursos\/wp-json\/wp\/v2\/types\/post"}],"author":[{"embeddable":true,"href":"https:\/\/igrejadeus.com.br\/cursos\/wp-json\/wp\/v2\/users\/1"}],"replies":[{"embeddable":true,"href":"https:\/\/igrejadeus.com.br\/cursos\/wp-json\/wp\/v2\/comments?post=123"}],"version-history":[{"count":7,"href":"https:\/\/igrejadeus.com.br\/cursos\/wp-json\/wp\/v2\/posts\/123\/revisions"}],"predecessor-version":[{"id":180,"href":"https:\/\/igrejadeus.com.br\/cursos\/wp-json\/wp\/v2\/posts\/123\/revisions\/180"}],"wp:featuredmedia":[{"embeddable":true,"href":"https:\/\/igrejadeus.com.br\/cursos\/wp-json\/wp\/v2\/media\/124"}],"wp:attachment":[{"href":"https:\/\/igrejadeus.com.br\/cursos\/wp-json\/wp\/v2\/media?parent=123"}],"wp:term":[{"taxonomy":"category","embeddable":true,"href":"https:\/\/igrejadeus.com.br\/cursos\/wp-json\/wp\/v2\/categories?post=123"},{"taxonomy":"post_tag","embeddable":true,"href":"https:\/\/igrejadeus.com.br\/cursos\/wp-json\/wp\/v2\/tags?post=123"}],"curies":[{"name":"wp","href":"https:\/\/api.w.org\/{rel}","templated":true}]}}