{"id":11,"date":"2024-05-21T10:21:37","date_gmt":"2024-05-21T13:21:37","guid":{"rendered":"https:\/\/igrejadeus.com.br\/cursos\/?p=11"},"modified":"2024-06-07T14:28:42","modified_gmt":"2024-06-07T17:28:42","slug":"vida-e-obra-de-joao-batista","status":"publish","type":"post","link":"https:\/\/igrejadeus.com.br\/cursos\/vida-e-obra-de-joao-batista\/","title":{"rendered":"Vida e obra de Jo\u00e3o Batista"},"content":{"rendered":"<p><iframe loading=\"lazy\" title=\"Parte 4 - A hist\u00f3ria de Jo\u00e3o Batista\" width=\"500\" height=\"281\" src=\"https:\/\/www.youtube.com\/embed\/iA6R7ll9HMM?feature=oembed\" frameborder=\"0\" allow=\"accelerometer; autoplay; clipboard-write; encrypted-media; gyroscope; picture-in-picture; web-share\" referrerpolicy=\"strict-origin-when-cross-origin\" allowfullscreen><\/iframe><\/p>\n<h1 style=\"text-align: center;\"><span style=\"vertical-align: inherit;\"><span style=\"vertical-align: inherit;\">Vida e obra de Jo\u00e3o Batista<\/span><\/span><\/h1>\n<h2 style=\"text-align: center;\"><span style=\"vertical-align: inherit;\">Parte 4: Curso de Cristologia<\/span><\/h2>\n<p style=\"text-align: justify;\">\n<h2 style=\"text-align: center;\"><strong><span style=\"vertical-align: inherit;\"><span style=\"vertical-align: inherit;\">Quem foi Jo\u00e3o Batista<\/span><\/span><\/strong><\/h2>\n<h3 style=\"text-align: center;\"><span style=\"vertical-align: inherit;\"><span style=\"vertical-align: inherit;\">Mateus Cap\u00edtulo: 3<\/span><\/span><\/h3>\n<p style=\"text-align: justify;\"><span style=\"vertical-align: inherit;\"><span style=\"vertical-align: inherit;\">\u00a01 Naqueles dias apareceu Jo\u00e3o, o Batista, pregando no deserto da Jud\u00e9ia, 2 dizendo: Arrependei-vos, porque \u00e9 chegado o reino dos c\u00e9us. 3 Porque este \u00e9 o anunciado pelo profeta Isa\u00edas, que diz: Voz do que clama no deserto; Preparai o caminho do Senhor, endireitai as suas veredas. 4 Ora, Jo\u00e3o usava um vestido de pelos de camelo, e um cinto de couro em torno de seus lombos; e alimentava-se de gafanhotos e mel silvestre. 5 Ent\u00e3o iam ter com ele os de Jerusal\u00e9m, de toda a Jud\u00e9ia, e de toda a circunvizinhan\u00e7a do Jord\u00e3o, 6 e eram por ele batizados no rio Jord\u00e3o, confessando os seus pecados.7 Mas, vendo ele muitos dos fariseus e dos saduceus que vinham ao seu batismo, disse-lhes: Ra\u00e7a de v\u00edboras, quem vos ensinou a fugir da ira vindoura? 8 Produz, pois, frutos dignos de esperan\u00e7a, 9 e n\u00e3o querois dizer dentro de n\u00f3s mesmos: Temos por pai a Abra\u00e3o; porque eu vos digo que mesmo destas pedras Deus pode ressuscitar filhos a Abra\u00e3o. 10 E j\u00e1 est\u00e1 posto o machado \u00e0 raiz das \u00e1rvores; toda \u00e1rvore, pois que n\u00e3o produz bom fruto, \u00e9 cortada e lan\u00e7ada no fogo. 11 Eu, na verdade, vos batizo em \u00e1gua, na base do arrependimento; mas aquele que vem ap\u00f3s mim \u00e9 mais poderoso do que eu, que nem sou digno de levar-lhe as alparcas; ele te batizar\u00e1 no Esp\u00edrito Santo, e em fogo. 12 A sua p\u00e1 ele tem na m\u00e3o, e limpar\u00e1 bem a sua eira; colocar\u00e1 o seu trigo ao celeiro, mas queimar\u00e1 a palha em fogo inextingu\u00edvel.<\/span><\/span><\/p>\n<p>&nbsp;<\/p>\n<h1 style=\"text-align: center;\"><span style=\"vertical-align: inherit;\"><span style=\"vertical-align: inherit;\">Lucas Cap\u00edtulo: 3<\/span><\/span><\/h1>\n<p style=\"text-align: center;\"><strong><span style=\"vertical-align: inherit;\"><span style=\"vertical-align: inherit;\">A obra de Jo\u00e3o Batista<\/span><\/span><\/strong><\/p>\n<p style=\"text-align: justify;\"><span style=\"vertical-align: inherit;\"><span style=\"vertical-align: inherit;\">\u00a01 No d\u00e9cimo quinto ano do reinado de Tib\u00e9rio C\u00e9sar, sendo P\u00f4ncio Pilatos governador da Jud\u00e9ia, Herodes tetrarca da Galil\u00e9ia, seu irm\u00e3o Filipe tetrarca da regi\u00e3o da Itur\u00e9ia e de Traconites, e Lis\u00e2nias tetrarca de Abilene, 2 sendo An\u00e1s e Caif\u00e1s sumos sacerdotes, veio a palavra de Deus a Jo\u00e3o, filho de Zacarias, no deserto. 3 E ele percorreu toda a circunvizinhan\u00e7a do Jord\u00e3o, pregando o batismo de arrependimento para remiss\u00e3o de pecados; 4 como est\u00e1 escrito no livro das palavras do profeta Isa\u00edas: Voz do que clama no deserto: Preparai o caminho do Senhor; endireitai as suas veredas. 5 Todo vale se encher\u00e1, e se abaixar\u00e1 todo monte e outeiro; o que \u00e9 tortuoso se endireitar\u00e1, e os caminhos escabrosos se aplanar\u00e3o; 6 e toda a carne ver\u00e1 a salva\u00e7\u00e3o de Deus. 7 Jo\u00e3o disse, pois, \u00e0s multid\u00f5es que sa\u00edram para serem batizadas por ele: Ra\u00e7a de v\u00edboras, quem voc\u00eas ensinam a fugir da ira vindoura? 8 Produz, pois, frutos dignos de arrependimento; e n\u00e3o comecei a dizer em voc\u00eas mesmos: Temos por pai a Abr\u00e3o; porque eu vos digo que at\u00e9 estas pedras Deus pode suscitar filhos a Abr\u00e3o. 9 Tamb\u00e9m j\u00e1 est\u00e1 posto o machado \u00e0 raiz das \u00e1rvores; toda \u00e1rvore, pois, que n\u00e3o produz bom fruto, \u00e9 cortada e lan\u00e7ada no fogo. 10 Ao que lhe perguntaram os multid\u00f5es: Que faremos, pois? 11 Responda-lhes ent\u00e3o: Aquele que tem duas t\u00fanicas, reparta com o que n\u00e3o tem nenhuma, e aquele que tem alimentos, fa\u00e7a o mesmo. 12 Chegaram tamb\u00e9m uns publicanos para serem batizados, e perguntaram-lhe: Mestre, o que temos de fazer? 13 Respondeu-lhes ele: N\u00e3o cobreis al\u00e9m do que foi prescrito. 14 Interrogaram-no tamb\u00e9m uns soldados: E n\u00f3s, que felicidades? Disse-lhes: A ningu\u00e9m queris extorquir alguma coisa; nem deis den\u00fancia falsa; e contentai-vos com o vosso soldado. 15 Ora, estando o povo em expectativa e arrazoando todos em seus cora\u00e7\u00f5es a respeito de Jo\u00e3o, se porventura seria ele o Cristo, 16 respondeu Jo\u00e3o a todos, dizendo: Eu, na verdade, vos batizo em \u00e1gua, mas vem aquele que \u00e9 mais poderoso do que eu, de quem n\u00e3o sou digno de desatar a correia das alparcas; ele te batizar\u00e1 no Esp\u00edrito Santo e em fogo. 17 A sua p\u00e1 ele tem na m\u00e3o para limpar bem a sua eira, e instalar o trigo ao seu celeiro; mas queimar\u00e1 a palha em fogo inextingu\u00edvel. 18 Assim pois, com muitas outras exorta\u00e7\u00f5es ainda, anunciava o evangelho ao povo. <\/span><\/span><u><span style=\"vertical-align: inherit;\"><span style=\"vertical-align: inherit;\">19 Mas o tetrarca Herodes, sendo repreendido por ele por causa de Herodias, mulher de seu irm\u00e3o, e por todas as maldades que havia feito, 20 acrescentou a todas elas ainda esta, a de encerrar Jo\u00e3o no c\u00e1rcere<\/span><\/span><\/u><span style=\"vertical-align: inherit;\"><span style=\"vertical-align: inherit;\"> .<\/span><\/span><\/p>\n<p>&nbsp;<\/p>\n<h1 style=\"text-align: center;\"><span style=\"vertical-align: inherit;\"><span style=\"vertical-align: inherit;\">Marcos cap\u00edtulo: 6<\/span><\/span><\/h1>\n<p style=\"text-align: center;\"><strong><span style=\"vertical-align: inherit;\"><span style=\"vertical-align: inherit;\">A morte de Jo\u00e3o Batista<\/span><\/span><\/strong><\/p>\n<p style=\"text-align: justify;\">18 Pois Jo\u00e3o dizia a Herodes: N\u00e3o te \u00e9 l\u00edcito ter a mulher de teu irm\u00e3o. 19 Por isso Herodias lhe guardava rancor e queria mat\u00e1-lo, mas n\u00e3o podia; 20 porque Herodes temia a Jo\u00e3o, sabendo que era var\u00e3o justo e santo, e o guardava em seguran\u00e7a; e, ao ouvi-lo, ficava muito perplexo, contudo de boa mente o escutava. 21 Chegado, por\u00e9m, um dia oportuno quando Herodes no seu anivers\u00e1rio natal\u00edcio ofereceu um banquete aos grandes da sua corte, aos principais da Galil\u00e9ia, 22 entrou a filha da mesma Herodias e, dan\u00e7ando, agradou a Herodes e aos convivas. Ent\u00e3o o rei disse \u00e0 jovem: Pede-me o que quiseres, e eu to darei. 23 E jurou-lhe, dizendo: Tudo o que me pedires te darei, ainda que seja metade do meu reino. 24 Tendo ela sa\u00eddo, perguntou a sua m\u00e3e: Que pedirei? Ela respondeu: A cabe\u00e7a de Jo\u00e3o, o Batista. 25 E tornando logo com pressa \u00e0 presen\u00e7a do rei, pediu, dizendo: Quero que imediatamente me d\u00eas num prato a cabe\u00e7a de Jo\u00e3o, o Batista. 26 Ora, entristeceu-se muito o rei; todavia, por causa dos seus juramentos e por causa dos que estavam \u00e0 mesa, n\u00e3o lha quis negar. 27 O rei, pois, enviou logo um soldado da sua guarda com ordem de trazer a cabe\u00e7a de Jo\u00e3o. Ent\u00e3o ele foi e o degolou no c\u00e1rcere, 28 e trouxe a cabe\u00e7a num prato e a deu \u00e0 jovem, e a jovem a deu \u00e0 sua m\u00e3e. 29 Quando os seus disc\u00edpulos ouviram isso, vieram, tomaram o seu corpo e o puseram num sepulcro.<\/p>\n<p>&nbsp;<\/p>\n<h1 style=\"text-align: center;\">Jo\u00e3o Cap\u00edtulo: 1<\/h1>\n<p style=\"text-align: center;\"><strong>Jo\u00e3o Batista Prepara o caminho para Jesus<\/strong><\/p>\n<p style=\"text-align: justify;\"><span style=\"vertical-align: inherit;\"><span style=\"vertical-align: inherit;\">19 E este foi o testemunho de Jo\u00e3o, quando os sacerdotes judeus lhe enviaram de Jerusal\u00e9m e levitas para que lhe perguntassem: Quem \u00e9s tu? 20 Ele, pois, confessou e n\u00e3o negou; sim, confessou: Eu n\u00e3o sou o Cristo. 21 Ao que lhe perguntaram: Pois que? \u00c9 o seu Elias? Ele respondeu: N\u00e3o sou. \u00c9 voc\u00ea o profeta? E respondeu: N\u00e3o. 22 Disseram-lhe, pois: Quem \u00e9? para podermos dar resposta aos que nos enviaram; o que diz de voc\u00ea mesmo? 23 Respondeu ele: Eu sou a voz do que clama no deserto: Endireitai o caminho do Senhor, como disse o profeta Isa\u00edas. 24 E os que tinham sido enviados eram dos fariseus. 25 Ent\u00e3o lhe perguntaram: Por que batizas, pois, se tu n\u00e3o \u00e9s o Cristo, nem Elias, nem o profeta? 26 Respondeu-lhes Jo\u00e3o: Eu batizo em \u00e1gua; no meio de v\u00f3s \u00e9 um a quem v\u00f3s n\u00e3o conheceis. 27 Aquele que vem depois de mim, de quem eu n\u00e3o sou digno de desatar a correia da alparca. 28 Essas coisas aconteceram em Bet\u00e2nia, al\u00e9m do Jord\u00e3o, onde Jo\u00e3o estava batizando. 29 No dia seguinte Jo\u00e3o viu a Jesus, que vinha para ele, e disse: Eis o Cordeiro de Deus, que tira o pecado do mundo. 30 este \u00e9 aquele de quem eu disse: Depois de mim vem um var\u00e3o que passou adiante de mim, porque antes de mim ele j\u00e1 existia. 31 Eu n\u00e3o o conhecia; mas, para que ele fosse manifestado em Israel, \u00e9 que vim batizando em \u00e1gua. 32 E Jo\u00e3o deu testemunho, dizendo: Vi o Esp\u00edrito descer do c\u00e9u como pomba, e relacionado sobre ele. 33 Eu n\u00e3o o conhecia; mas o que me invejo a batizar em \u00e1gua, esse me disse: Aquele sobre quem vires descer o Esp\u00edrito, e sobre ele permaneceu, esse \u00e9 o que batiza no Esp\u00edrito Santo. 34 Eu mesmo vi e j\u00e1 vos dei testemunho de que este \u00e9 o Filho de Deus. 35 No dia seguinte Jo\u00e3o estava outra vez ali, com dois dos seus disc\u00edpulos 36 e, olhando para Jesus, que estava olhando, disse: Eis o Cordeiro de Deus! 37 Aqueles dois disc\u00edpulos ouviram-no dizer isto, e seguiram a Jesus.<\/span><\/span><\/p>\n","protected":false},"excerpt":{"rendered":"<p>Vida e obra de Jo\u00e3o Batista Parte 4: Curso de Cristologia Quem foi Jo\u00e3o Batista Mateus Cap\u00edtulo:&#8230;<\/p>\n","protected":false},"author":1,"featured_media":12,"comment_status":"open","ping_status":"open","sticky":false,"template":"","format":"standard","meta":{"footnotes":""},"categories":[2],"tags":[52,5,6,4,7,8],"class_list":["post-11","post","type-post","status-publish","format-standard","has-post-thumbnail","hentry","category-cristologia","tag-cristo","tag-cristologia","tag-curso","tag-jesus","tag-joao-batista","tag-vida","wpcat-2-id"],"_links":{"self":[{"href":"https:\/\/igrejadeus.com.br\/cursos\/wp-json\/wp\/v2\/posts\/11","targetHints":{"allow":["GET"]}}],"collection":[{"href":"https:\/\/igrejadeus.com.br\/cursos\/wp-json\/wp\/v2\/posts"}],"about":[{"href":"https:\/\/igrejadeus.com.br\/cursos\/wp-json\/wp\/v2\/types\/post"}],"author":[{"embeddable":true,"href":"https:\/\/igrejadeus.com.br\/cursos\/wp-json\/wp\/v2\/users\/1"}],"replies":[{"embeddable":true,"href":"https:\/\/igrejadeus.com.br\/cursos\/wp-json\/wp\/v2\/comments?post=11"}],"version-history":[{"count":4,"href":"https:\/\/igrejadeus.com.br\/cursos\/wp-json\/wp\/v2\/posts\/11\/revisions"}],"predecessor-version":[{"id":178,"href":"https:\/\/igrejadeus.com.br\/cursos\/wp-json\/wp\/v2\/posts\/11\/revisions\/178"}],"wp:featuredmedia":[{"embeddable":true,"href":"https:\/\/igrejadeus.com.br\/cursos\/wp-json\/wp\/v2\/media\/12"}],"wp:attachment":[{"href":"https:\/\/igrejadeus.com.br\/cursos\/wp-json\/wp\/v2\/media?parent=11"}],"wp:term":[{"taxonomy":"category","embeddable":true,"href":"https:\/\/igrejadeus.com.br\/cursos\/wp-json\/wp\/v2\/categories?post=11"},{"taxonomy":"post_tag","embeddable":true,"href":"https:\/\/igrejadeus.com.br\/cursos\/wp-json\/wp\/v2\/tags?post=11"}],"curies":[{"name":"wp","href":"https:\/\/api.w.org\/{rel}","templated":true}]}}